{"id":3492,"date":"2019-07-04T09:53:44","date_gmt":"2019-07-04T12:53:44","guid":{"rendered":"http:\/\/dgospel.com.br\/portal\/?p=3492"},"modified":"2019-07-04T09:53:45","modified_gmt":"2019-07-04T12:53:45","slug":"homicidas-sao-presos-pela-policia-militar-em-novo-acordo","status":"publish","type":"post","link":"https:\/\/dgospel.com.br\/portal\/index.php\/2019\/07\/04\/homicidas-sao-presos-pela-policia-militar-em-novo-acordo\/","title":{"rendered":"Homicidas s\u00e3o presos pela Pol\u00edcia Militar em Novo Acordo"},"content":{"rendered":"\n<p>A Pol\u00edcia Militar iniciou na segunda-feira, 1\u00ba de julho, e finalizou nesta ter\u00e7a-feira, 02, atrav\u00e9s do 6\u00ba Batalh\u00e3o, respons\u00e1vel pela cidade de Novo Acordo, a pris\u00e3o de autores de homic\u00eddio naquela cidade. Ap\u00f3s informados de uma ocorr\u00eancia de homic\u00eddio no povoado Brejo Fundo, munic\u00edpio de Rio Sono (155 km de Palmas), a PM iniciou dilig\u00eancias no intuito de prender os criminosos.<\/p>\n\n\n\n<p>Uma testemunha relatou \u00e0 guarni\u00e7\u00e3o que seu irm\u00e3o foi executado, pouco tempo atr\u00e1s, e que sabia quem seria os autores do crime, pois eles o teriam amea\u00e7ado e a seus familiares,&nbsp; a respeito de quest\u00f5es relativas a uma motocicleta.<\/p>\n\n\n\n<p>Com o apoio dos policias de Aparecida do Rio Negro, iniciaram as dilig\u00eancias, e, ainda em Novo Acordo, foi realizada a primeira pris\u00e3o, tendo o infrator assumido \u00e0 autoria dos disparos contra a v\u00edtima. Este informou, ainda, a localiza\u00e7\u00e3o do segundo envolvido, que, tamb\u00e9m, foi encontrado e recebeu voz de pris\u00e3o. Os demais criminosos estavam a 20 quil\u00f4metros do povoado em que ocorreu o crime, onde foram localizados e presos pela guarni\u00e7\u00e3o de apoio, que realizava buscas na regi\u00e3o, e tamb\u00e9m apreendida a arma de fogo utilizada na a\u00e7\u00e3o criminosa, uma pistola 7,65.<\/p>\n\n\n\n<p>A opera\u00e7\u00e3o finalizou somente na ter\u00e7a-feira, pela manh\u00e3, sendo todos os envolvidos apresentados na delegacia em Palmas, juntamente com o instrumento do crime.<\/p>\n\n\n\n<p>Na resid\u00eancia de um dos autores foi localizado, ainda, um rev\u00f3lver calibre 22, com seis muni\u00e7\u00f5es, o qual pertencia a seu padrasto, comerciante, que tamb\u00e9m foi conduzido \u00e0 delegacia pela posse ilegal de arma de fogo.<\/p>\n\n\n\n<p>Para o comandante da unidade, as viaturas da regi\u00e3o contaram com o apoio da popula\u00e7\u00e3o para a elucida\u00e7\u00e3o do crime, ressaltando ainda o empenho das equipes em solucionar o homic\u00eddio, finalizou.<\/p>\n","protected":false},"excerpt":{"rendered":"<p>A Pol\u00edcia Militar iniciou na segunda-feira, 1\u00ba de julho, e finalizou nesta ter\u00e7a-feira, 02, atrav\u00e9s do 6\u00ba Batalh\u00e3o, respons\u00e1vel pela cidade de Novo Acordo, a pris\u00e3o de autores de homic\u00eddio naquela cidade. Ap\u00f3s informados de uma ocorr\u00eancia de homic\u00eddio no povoado Brejo Fundo, munic\u00edpio de Rio Sono (155 km de Palmas), a PM iniciou dilig\u00eancias [&hellip;]<\/p>\n","protected":false},"author":2,"featured_media":3493,"comment_status":"open","ping_status":"open","sticky":false,"template":"","format":"standard","meta":[],"categories":[3],"tags":[],"_links":{"self":[{"href":"https:\/\/dgospel.com.br\/portal\/index.php\/wp-json\/wp\/v2\/posts\/3492"}],"collection":[{"href":"https:\/\/dgospel.com.br\/portal\/index.php\/wp-json\/wp\/v2\/posts"}],"about":[{"href":"https:\/\/dgospel.com.br\/portal\/index.php\/wp-json\/wp\/v2\/types\/post"}],"author":[{"embeddable":true,"href":"https:\/\/dgospel.com.br\/portal\/index.php\/wp-json\/wp\/v2\/users\/2"}],"replies":[{"embeddable":true,"href":"https:\/\/dgospel.com.br\/portal\/index.php\/wp-json\/wp\/v2\/comments?post=3492"}],"version-history":[{"count":1,"href":"https:\/\/dgospel.com.br\/portal\/index.php\/wp-json\/wp\/v2\/posts\/3492\/revisions"}],"predecessor-version":[{"id":3494,"href":"https:\/\/dgospel.com.br\/portal\/index.php\/wp-json\/wp\/v2\/posts\/3492\/revisions\/3494"}],"wp:featuredmedia":[{"embeddable":true,"href":"https:\/\/dgospel.com.br\/portal\/index.php\/wp-json\/wp\/v2\/media\/3493"}],"wp:attachment":[{"href":"https:\/\/dgospel.com.br\/portal\/index.php\/wp-json\/wp\/v2\/media?parent=3492"}],"wp:term":[{"taxonomy":"category","embeddable":true,"href":"https:\/\/dgospel.com.br\/portal\/index.php\/wp-json\/wp\/v2\/categories?post=3492"},{"taxonomy":"post_tag","embeddable":true,"href":"https:\/\/dgospel.com.br\/portal\/index.php\/wp-json\/wp\/v2\/tags?post=3492"}],"curies":[{"name":"wp","href":"https:\/\/api.w.org\/{rel}","templated":true}]}}