{"id":3495,"date":"2019-07-04T09:58:01","date_gmt":"2019-07-04T12:58:01","guid":{"rendered":"http:\/\/dgospel.com.br\/portal\/?p=3495"},"modified":"2019-07-04T09:58:03","modified_gmt":"2019-07-04T12:58:03","slug":"cidadania-e-justica-realiza-acoes-de-prevencao-e-combate-ao-uso-de-drogas","status":"publish","type":"post","link":"https:\/\/dgospel.com.br\/portal\/index.php\/2019\/07\/04\/cidadania-e-justica-realiza-acoes-de-prevencao-e-combate-ao-uso-de-drogas\/","title":{"rendered":"Cidadania e Justi\u00e7a realiza a\u00e7\u00f5es de preven\u00e7\u00e3o e combate ao uso de drogas"},"content":{"rendered":"\n<p>Com intuito de conscientizar acerca dos perigos do uso de drogas e diminuir o n\u00famero de dependentes qu\u00edmicos no Tocantins, a Secretaria de Estado da Cidadania e Justi\u00e7a (Seciju) atua na realiza\u00e7\u00e3o de a\u00e7\u00f5es de preven\u00e7\u00e3o e combate ao uso de drogas. As atividades s\u00e3o realizadas por meio da Ger\u00eancia de Preven\u00e7\u00e3o contra Drogas, atrav\u00e9s do N\u00facleo Acolher, que tamb\u00e9m auxilia no apoio ao dependente qu\u00edmico e as fam\u00edlias.<\/p>\n\n\n\n<p>Entre as principais atividades desenvolvidas est\u00e1 a realiza\u00e7\u00e3o de rodas de conversas e oficinas voltadas principalmente ao p\u00fablico jovem. As a\u00e7\u00f5es s\u00e3o realizadas em institui\u00e7\u00f5es p\u00fablicas e privadas, com intuito de alertar crian\u00e7as e adolescentes sobre os danos causados pelo uso de drogas. Durante as atividades profissionais das \u00e1reas psicologia, enfermagem e servi\u00e7o social promovem discuss\u00f5es e transmitem informa\u00e7\u00f5es de maneira din\u00e2mica acerca das consequ\u00eancias do uso de entorpecentes.<\/p>\n\n\n\n<p>A respons\u00e1vel pela \u00e1rea t\u00e9cnica da Ger\u00eancia de Preven\u00e7\u00e3o Contra as Drogas da Seciju, Sheyna Ramos, explica que o trabalho de preven\u00e7\u00e3o \u00e9 desenvolvido atrav\u00e9s de a\u00e7\u00f5es intersetoriais. \u201cDesenvolvemos atividades intersetoriais, trabalhando de forma efetiva com os \u00f3rg\u00e3os p\u00fablicos, conselhos de pol\u00edticas p\u00fablicas e de direitos, secretariais estaduais e municipais e organiza\u00e7\u00f5es da sociedade civil\u201d, explicou.<\/p>\n\n\n\n<p>A estudante Sindy Oliveira Ara\u00fajo, de 15 anos, participou de uma das a\u00e7\u00f5es desenvolvidas no polo de capacita\u00e7\u00e3o do Centro de Integra\u00e7\u00e3o Empresa Escola (CIEE) e relatou que a atividade contribuiu para seu conhecimento em rela\u00e7\u00e3o ao assunto. \u201cN\u00f3s tivemos um di\u00e1logo interativo e din\u00e2mico, isso trouxe entendimento sobre o assunto e dessa forma tamb\u00e9m posso ajudar outras pessoas\u201d, afirmou.<\/p>\n\n\n\n<p>Para a instrutora de aprendizagem do CIEE, Ellen Gobi, a a\u00e7\u00e3o realizada no local foi um momento ben\u00e9fico aos adolescentes. \u201c70 alunos participaram das atividades e foi um momento de despertar os jovens para os perigos do uso de drogas\u201d, contou.<\/p>\n\n\n\n<p><strong>Futuras a\u00e7\u00f5es&nbsp;&nbsp;<\/strong><\/p>\n\n\n\n<p>De acordo com o coordenador do N\u00facleo Acolher, Matheus Eije Gl\u00f3ria, diversas atividades est\u00e3o sendo planejadas para o pr\u00f3ximo semestre de 2019. Entre as a\u00e7\u00f5es est\u00e1 a realiza\u00e7\u00e3o de atividades de preven\u00e7\u00e3o em aldeias ind\u00edgenas, comunidades quilombolas e em unidades socioeducativas e prisionais do Tocantins, al\u00e9m disso, a promo\u00e7\u00e3o de cursos para profissionais do Centro de Refer\u00eancia de Assist\u00eancia Social (CRAS) e Centro de Refer\u00eancia Especializado de Assist\u00eancia Social (CREAS).&nbsp;<\/p>\n\n\n\n<p>O coordenador que tamb\u00e9m \u00e9 secret\u00e1rio geral do Conselho Estadual Sobre Drogas a sociedade tamb\u00e9m pode contribuir para a preven\u00e7\u00e3o e combate as drogas.&nbsp; \u201cA melhor maneira que a popula\u00e7\u00e3o tem de auxiliar nessa luta \u00e9 buscar ter menos preconceito e mais empatia sobre o sofrimento do outro. Al\u00e9m disso, manter um di\u00e1logo aberto com os jovens, no sentido de alertar sobre esses perigos\u201d, ressaltou.<\/p>\n","protected":false},"excerpt":{"rendered":"<p>Com intuito de conscientizar acerca dos perigos do uso de drogas e diminuir o n\u00famero de dependentes qu\u00edmicos no Tocantins, a Secretaria de Estado da Cidadania e Justi\u00e7a (Seciju) atua na realiza\u00e7\u00e3o de a\u00e7\u00f5es de preven\u00e7\u00e3o e combate ao uso de drogas. As atividades s\u00e3o realizadas por meio da Ger\u00eancia de Preven\u00e7\u00e3o contra Drogas, atrav\u00e9s [&hellip;]<\/p>\n","protected":false},"author":2,"featured_media":3496,"comment_status":"open","ping_status":"open","sticky":false,"template":"","format":"standard","meta":[],"categories":[3],"tags":[],"_links":{"self":[{"href":"https:\/\/dgospel.com.br\/portal\/index.php\/wp-json\/wp\/v2\/posts\/3495"}],"collection":[{"href":"https:\/\/dgospel.com.br\/portal\/index.php\/wp-json\/wp\/v2\/posts"}],"about":[{"href":"https:\/\/dgospel.com.br\/portal\/index.php\/wp-json\/wp\/v2\/types\/post"}],"author":[{"embeddable":true,"href":"https:\/\/dgospel.com.br\/portal\/index.php\/wp-json\/wp\/v2\/users\/2"}],"replies":[{"embeddable":true,"href":"https:\/\/dgospel.com.br\/portal\/index.php\/wp-json\/wp\/v2\/comments?post=3495"}],"version-history":[{"count":1,"href":"https:\/\/dgospel.com.br\/portal\/index.php\/wp-json\/wp\/v2\/posts\/3495\/revisions"}],"predecessor-version":[{"id":3497,"href":"https:\/\/dgospel.com.br\/portal\/index.php\/wp-json\/wp\/v2\/posts\/3495\/revisions\/3497"}],"wp:featuredmedia":[{"embeddable":true,"href":"https:\/\/dgospel.com.br\/portal\/index.php\/wp-json\/wp\/v2\/media\/3496"}],"wp:attachment":[{"href":"https:\/\/dgospel.com.br\/portal\/index.php\/wp-json\/wp\/v2\/media?parent=3495"}],"wp:term":[{"taxonomy":"category","embeddable":true,"href":"https:\/\/dgospel.com.br\/portal\/index.php\/wp-json\/wp\/v2\/categories?post=3495"},{"taxonomy":"post_tag","embeddable":true,"href":"https:\/\/dgospel.com.br\/portal\/index.php\/wp-json\/wp\/v2\/tags?post=3495"}],"curies":[{"name":"wp","href":"https:\/\/api.w.org\/{rel}","templated":true}]}}