{"id":3498,"date":"2019-07-04T10:00:03","date_gmt":"2019-07-04T13:00:03","guid":{"rendered":"http:\/\/dgospel.com.br\/portal\/?p=3498"},"modified":"2019-07-04T10:00:05","modified_gmt":"2019-07-04T13:00:05","slug":"educacao-forma-professores-e-promove-a-preservacao-da-cultura-indigena-tocantinense","status":"publish","type":"post","link":"https:\/\/dgospel.com.br\/portal\/index.php\/2019\/07\/04\/educacao-forma-professores-e-promove-a-preservacao-da-cultura-indigena-tocantinense\/","title":{"rendered":"Educa\u00e7\u00e3o forma professores e promove a preserva\u00e7\u00e3o da cultura ind\u00edgena tocantinense"},"content":{"rendered":"\n<p>Melhorar o desempenho profissional de professores da rede estadual de ensino e preservar a cultura e os costumes dos povos ind\u00edgenas do Tocantins est\u00e3o entre os objetivos do Curso de Forma\u00e7\u00e3o de Professores em Magist\u00e9rio Ind\u00edgena que chega \u00e0 sua 30\u00aa etapa.&nbsp;<\/p>\n\n\n\n<p>Na solenidade oficial de abertura&nbsp;do Curso, que ocorreu nessa ter\u00e7a-feira, 2, no audit\u00f3rio do&nbsp;Col\u00e9gio da Pol\u00edcia Militar &#8211; Unidade II, em Palmas, a&nbsp;secret\u00e1ria de Estado da Educa\u00e7\u00e3o, Juventude e Esportes, Adriana Aguiar, destacou que o aprendizado \u00e9 constru\u00eddo de forma coletiva.<\/p>\n\n\n\n<p>&#8220;O nosso prop\u00f3sito \u00e9 fomentar a forma\u00e7\u00e3o dos professores para que o processo de ensino e aprendizagem avance&nbsp;cada vez mais. Quem est\u00e1 aqui tem muito a nos ensinar sobre cultura e como vencer desafios. Estamos com uma parcela importante de profissionais que fazem a educa\u00e7\u00e3o em nosso Estado e ajudam a melhorar a qualidade de vida dos estudantes&#8221;, ressaltou a gestora.&nbsp;&nbsp;&nbsp;&nbsp;<\/p>\n\n\n\n<p>O&nbsp;Magist\u00e9rio Ind\u00edgena tem a dura\u00e7\u00e3o de tr\u00eas anos. Nesta etapa, que ocorre do dia 1\u00ba a 26 de julho, ser\u00e3o recebidos 130 cursistas e, destes, 21 j\u00e1 est\u00e3o na fase de conclus\u00e3o do curso, e a formatura ocorrer\u00e1 no dia 25 de julho.<\/p>\n\n\n\n<p>Comprometida com a qualidade do ensino e com a oferta da educa\u00e7\u00e3o para os povos ind\u00edgenas, a Secretaria de Estado da Educa\u00e7\u00e3o, Juventude e Esportes (Seduc) iniciou a primeira etapa do Curso de Forma\u00e7\u00e3o de Professores em Magist\u00e9rio Ind\u00edgena em 1\u00ba de junho de 1998, com 93 professores ind\u00edgenas. Desde ent\u00e3o, foram formados professores que atuam na educa\u00e7\u00e3o com os povos: Karaj\u00e1, Java\u00e9, Xambio\u00e1, Apinaj\u00e9, Krah\u00f4, Xerente e Krah\u00f4 Kanela.&nbsp;<\/p>\n\n\n\n<p>O gerente da Educa\u00e7\u00e3o Ind\u00edgena, Waxiy Malu\u00e1 Karaj\u00e1, parabenizou os professores e destacou a import\u00e2ncia da forma\u00e7\u00e3o.&nbsp;&#8220;O m\u00eas de julho, que seria um m\u00eas de descanso para os professores, est\u00e1 sendo um m\u00eas de aprendizagem. A forma\u00e7\u00e3o \u00e9 primordial para que possamos vencer os desafios que enfrentamos no nosso dia a dia&#8221;, destacou.&nbsp;<\/p>\n\n\n\n<p><strong>Resultados&nbsp;<\/strong><\/p>\n\n\n\n<p>O presidente do Conselho Estadual de Educa\u00e7\u00e3o Escolar Ind\u00edgena, da Diretoria Regional de Educa\u00e7\u00e3o de Aragua\u00edna, e ex-aluno do curso de forma\u00e7\u00e3o e mestrando pela Universidade Federal do Tocantins&nbsp;(UFT), Adriano Dias Karaj\u00e1, falou da import\u00e2ncia da sua passagem pelo magist\u00e9rio para sua atua\u00e7\u00e3o profissional. &#8220;Conclu\u00ed o magist\u00e9rio em 2012 e foi o que me ajudou muito na minha atua\u00e7\u00e3o em sala de aula. E foi nessa caminhada que me inspirei a querer mais, resolvi fazer o mestrado e depois fui para o Conselho Estadual da Educa\u00e7\u00e3o Escolar Ind\u00edgena&#8221;, contou.&nbsp;<\/p>\n","protected":false},"excerpt":{"rendered":"<p>Melhorar o desempenho profissional de professores da rede estadual de ensino e preservar a cultura e os costumes dos povos ind\u00edgenas do Tocantins est\u00e3o entre os objetivos do Curso de Forma\u00e7\u00e3o de Professores em Magist\u00e9rio Ind\u00edgena que chega \u00e0 sua 30\u00aa etapa.&nbsp; Na solenidade oficial de abertura&nbsp;do Curso, que ocorreu nessa ter\u00e7a-feira, 2, no audit\u00f3rio [&hellip;]<\/p>\n","protected":false},"author":2,"featured_media":3499,"comment_status":"open","ping_status":"open","sticky":false,"template":"","format":"standard","meta":[],"categories":[3],"tags":[],"_links":{"self":[{"href":"https:\/\/dgospel.com.br\/portal\/index.php\/wp-json\/wp\/v2\/posts\/3498"}],"collection":[{"href":"https:\/\/dgospel.com.br\/portal\/index.php\/wp-json\/wp\/v2\/posts"}],"about":[{"href":"https:\/\/dgospel.com.br\/portal\/index.php\/wp-json\/wp\/v2\/types\/post"}],"author":[{"embeddable":true,"href":"https:\/\/dgospel.com.br\/portal\/index.php\/wp-json\/wp\/v2\/users\/2"}],"replies":[{"embeddable":true,"href":"https:\/\/dgospel.com.br\/portal\/index.php\/wp-json\/wp\/v2\/comments?post=3498"}],"version-history":[{"count":1,"href":"https:\/\/dgospel.com.br\/portal\/index.php\/wp-json\/wp\/v2\/posts\/3498\/revisions"}],"predecessor-version":[{"id":3500,"href":"https:\/\/dgospel.com.br\/portal\/index.php\/wp-json\/wp\/v2\/posts\/3498\/revisions\/3500"}],"wp:featuredmedia":[{"embeddable":true,"href":"https:\/\/dgospel.com.br\/portal\/index.php\/wp-json\/wp\/v2\/media\/3499"}],"wp:attachment":[{"href":"https:\/\/dgospel.com.br\/portal\/index.php\/wp-json\/wp\/v2\/media?parent=3498"}],"wp:term":[{"taxonomy":"category","embeddable":true,"href":"https:\/\/dgospel.com.br\/portal\/index.php\/wp-json\/wp\/v2\/categories?post=3498"},{"taxonomy":"post_tag","embeddable":true,"href":"https:\/\/dgospel.com.br\/portal\/index.php\/wp-json\/wp\/v2\/tags?post=3498"}],"curies":[{"name":"wp","href":"https:\/\/api.w.org\/{rel}","templated":true}]}}