{"id":3509,"date":"2019-07-05T09:34:06","date_gmt":"2019-07-05T12:34:06","guid":{"rendered":"http:\/\/dgospel.com.br\/portal\/?p=3509"},"modified":"2019-07-05T09:34:07","modified_gmt":"2019-07-05T12:34:07","slug":"general-que-assumira-secretaria-de-governo-pede-a-deus-sabedoria-de-salomao","status":"publish","type":"post","link":"https:\/\/dgospel.com.br\/portal\/index.php\/2019\/07\/05\/general-que-assumira-secretaria-de-governo-pede-a-deus-sabedoria-de-salomao\/","title":{"rendered":"General que assumir\u00e1 Secretaria de Governo pede a Deus \u201csabedoria de Salom\u00e3o\u201d"},"content":{"rendered":"\n<p>Luiz Eduardo Ramos deixa o Comando Militar do Sudeste para ocupar minist\u00e9rio de Bolsonaro. Durante a transmiss\u00e3o de comando, realizada nesta quarta-feira (03) em S\u00e3o Paulo, o general pediu: \u201cOrem por mim em Bras\u00edlia.\u201d<\/p>\n\n\n\n<p>O pedido foi repetido v\u00e1rias vezes pelo novo ministro-chefe da Secretaria de Governo, que ser\u00e1 sucedido no Comando Militar do Sudeste (CMSE) pelo general Marco Antonio Amaro dos Santos.<\/p>\n\n\n\n<p>As ora\u00e7\u00f5es foram pedidas por Ramos aos convidados que foram assistir \u00e0 cerim\u00f4nia de transmiss\u00e3o de cargo dele para Amaro, que contou com a presen\u00e7a do presidente&nbsp;<strong><a href=\"https:\/\/guiame.com.br\/gospel\/mundo-cristao\/bolsonaro-diz-que-evangelicos-foram-decisivos-no-destino-do-brasil-na-marcha-para-jesus.html\">Jair Bolsonaro<\/a><\/strong>&nbsp;e do vice general Hamilton Mor\u00e3o.<\/p>\n\n\n\n<p>Em seu discurso de despedida, Ramos disse esperar n\u00e3o decepcionar os amigos que deixou em S\u00e3o Paulo. \u201cSei que sou um general impetuoso e agoniado, mas assim sou e n\u00e3o mudarei.\u201d<\/p>\n\n\n\n<p>Afirmou ainda sentir uma dor no peito ao deixar a farda \u201cque permanecer\u00e1 impregnada at\u00e9 a minha medula\u201d. \u201cE o coturno no arm\u00e1rio com o sentimento de cumprimento do dever e o amor \u00e0 P\u00e1tria. Jamais deixarei de ser soldado. N\u00e3o importa a apar\u00eancia externa e sim a ess\u00eancia. Sou combatente. Assim minha alma foi forjada nesses 46 anos de servi\u00e7o\u201d.&nbsp;<\/p>\n\n\n\n<p><strong>Escrituras<\/strong><\/p>\n\n\n\n<p>O novo ministro tamb\u00e9m&nbsp;<strong><a href=\"https:\/\/guiame.com.br\/gospel\/israel\/embaixador-de-israel-cita-biblia-na-onu-para-provar-que-o-pais-pertence-aos-judeus.html\">citou a B\u00edblia<\/a><\/strong>&nbsp;e disse que pede a Deus \u201ca sabedoria de Salom\u00e3o e a capacidade e articula\u00e7\u00e3o de Jos\u00e9 do Egito\u201d. Disse ainda que se apresentar\u00e1 para a \u201chonrosa miss\u00e3o imposta pelo Senhor\u201d.<\/p>\n\n\n\n<p>Ramos, que ser\u00e1 respons\u00e1vel pela articula\u00e7\u00e3o pol\u00edtica do Pal\u00e1cio do Planalto com o Congresso, agradeceu a Bolsonaro sua condu\u00e7\u00e3o ao Minist\u00e9rio: \u201cObrigado, presidente, por confiar em mim tarefa vital. Sob a sua lideran\u00e7a, al\u00e7aremos voos juntos e nos lan\u00e7aremos nesse salto gigante rumo ao futuro mais promissor do Brasil.\u201d<\/p>\n\n\n\n<p>Para assumir a interlocu\u00e7\u00e3o, a Secretaria de Governo ter\u00e1 em sua estrutura a Secretaria Especial de Assuntos Parlamentares, que substitui a Subchefia de Assuntos Parlamentares antes abrigada na Casa Civil. A pasta de Onyx, por sua vez, extinguiu a secretaria voltada para o Senado e transformou a secretaria criada para tratar com a C\u00e2mara na Secretaria Especial de Relacionamento Externo.<\/p>\n\n\n\n<p>No in\u00edcio da sua fala, o presidente Jair Bolsonaro tamb\u00e9m brincou com o deputado Marco Feliciano, da&nbsp;<strong><a href=\"https:\/\/guiame.com.br\/gospel\/israel\/evangelicos-voltam-cobrar-itamaraty-sobre-mudanca-da-embaixada-para-jerusalem.html\">bancada evang\u00e9lica<\/a><\/strong>, e se referiu ao novo ministro como &#8220;Pastor Ramos&#8221;.<\/p>\n\n\n\n<p>Citou, ainda, o trecho da ora\u00e7\u00e3o do paraquedista, lembrando que ele e o ministro estiveram juntos na Brigada Paraquedista. &#8220;Sua vida (no minist\u00e9rio) vai ser dif\u00edcil, mas n\u00e3o t\u00e3o dif\u00edcil como essa (dos paraquedistas) n\u00e3o&#8221;, disse Bolsonaro em tom de brincadeira. Ao final, afirmou que o governo tem que dar certo e que todos ter\u00e3o orgulho de integrar a equipe no futuro.<\/p>\n\n\n\n<p>Pela primeira vez desde a redemocratiza\u00e7\u00e3o, um presidente da Rep\u00fablica assistiu \u00e0 transmiss\u00e3o de comando no CMSE. Al\u00e9m de Bolsonaro, o vice-presidente e tr\u00eas ministros, estavam ali o comandante da Marinha, almirante Ilques Barbosa Junior, o governador Jo\u00e3o Doria, o senador Major Ol\u00edmpio (PSL-SP) e mais de uma dezena de deputados.\u00a0<\/p>\n\n\n\n<p>\n\nFONTE: GUIAME, COM INFORMA\u00c7\u00d5ES DO ESTAD\u00c3O E UOL\n\n<\/p>\n","protected":false},"excerpt":{"rendered":"<p>Luiz Eduardo Ramos deixa o Comando Militar do Sudeste para ocupar minist\u00e9rio de Bolsonaro. Durante a transmiss\u00e3o de comando, realizada nesta quarta-feira (03) em S\u00e3o Paulo, o general pediu: \u201cOrem por mim em Bras\u00edlia.\u201d O pedido foi repetido v\u00e1rias vezes pelo novo ministro-chefe da Secretaria de Governo, que ser\u00e1 sucedido no Comando Militar do Sudeste [&hellip;]<\/p>\n","protected":false},"author":2,"featured_media":3510,"comment_status":"open","ping_status":"open","sticky":false,"template":"","format":"standard","meta":[],"categories":[6,4],"tags":[],"_links":{"self":[{"href":"https:\/\/dgospel.com.br\/portal\/index.php\/wp-json\/wp\/v2\/posts\/3509"}],"collection":[{"href":"https:\/\/dgospel.com.br\/portal\/index.php\/wp-json\/wp\/v2\/posts"}],"about":[{"href":"https:\/\/dgospel.com.br\/portal\/index.php\/wp-json\/wp\/v2\/types\/post"}],"author":[{"embeddable":true,"href":"https:\/\/dgospel.com.br\/portal\/index.php\/wp-json\/wp\/v2\/users\/2"}],"replies":[{"embeddable":true,"href":"https:\/\/dgospel.com.br\/portal\/index.php\/wp-json\/wp\/v2\/comments?post=3509"}],"version-history":[{"count":1,"href":"https:\/\/dgospel.com.br\/portal\/index.php\/wp-json\/wp\/v2\/posts\/3509\/revisions"}],"predecessor-version":[{"id":3511,"href":"https:\/\/dgospel.com.br\/portal\/index.php\/wp-json\/wp\/v2\/posts\/3509\/revisions\/3511"}],"wp:featuredmedia":[{"embeddable":true,"href":"https:\/\/dgospel.com.br\/portal\/index.php\/wp-json\/wp\/v2\/media\/3510"}],"wp:attachment":[{"href":"https:\/\/dgospel.com.br\/portal\/index.php\/wp-json\/wp\/v2\/media?parent=3509"}],"wp:term":[{"taxonomy":"category","embeddable":true,"href":"https:\/\/dgospel.com.br\/portal\/index.php\/wp-json\/wp\/v2\/categories?post=3509"},{"taxonomy":"post_tag","embeddable":true,"href":"https:\/\/dgospel.com.br\/portal\/index.php\/wp-json\/wp\/v2\/tags?post=3509"}],"curies":[{"name":"wp","href":"https:\/\/api.w.org\/{rel}","templated":true}]}}