{"id":351,"date":"2018-05-25T17:17:23","date_gmt":"2018-05-25T20:17:23","guid":{"rendered":"http:\/\/dgospel.com.br\/portal\/?p=351"},"modified":"2018-05-25T17:17:23","modified_gmt":"2018-05-25T20:17:23","slug":"caminhoes-com-combustivel-chegam-escoltados-em-garagem-do-estado-em-palmas","status":"publish","type":"post","link":"https:\/\/dgospel.com.br\/portal\/index.php\/2018\/05\/25\/caminhoes-com-combustivel-chegam-escoltados-em-garagem-do-estado-em-palmas\/","title":{"rendered":"Caminh\u00f5es com combust\u00edvel chegam escoltados em garagem do Estado em Palmas"},"content":{"rendered":"<p>Uma carga de 40 mil litros de combust\u00edvel chegou na tarde desta sexta-feira (25) na garagem central do estado, na sa\u00edda de Palmas para Para\u00edso. O combust\u00edvel foi escoltado por viatura da Pol\u00edcia Militar Rodovi\u00e1ria. O caminh\u00e3o estava parado no bloqueio que est\u00e1 sendo feito na TO-080.<\/p>\n<p>O combust\u00edvel foi liberado pelo movimento grevista para atender os servi\u00e7os essenciais do Estado. Conforme o governo, o ve\u00edculo deve atender a frota oficial, principalmente viaturas e ambul\u00e2ncias, por cerca de 10 dias.<\/p>\n<p>No Tocantins, atualmente, s\u00e3o 12 trechos bloqueados em quatro rodovias federais. Al\u00e9m dos bloqueios em estradas estaduais.<\/p>\n<p>Em Palmas, Aragua\u00edna e Gurupi n\u00e3o h\u00e1 mais combust\u00edvel nos postos. Al\u00e9m disso, faltam verduras em muitos supermercados. Aulas foram canceladas em universidade p\u00fablicas e particulares, e escolas p\u00fablicas. O transporte p\u00fablico da capital tamb\u00e9m teve redu\u00e7\u00e3o na frota.<\/p>\n<p><strong>Trechos bloqueados<\/strong><\/p>\n<p>Veja os pontos de bloqueios no Tocantins, segundo balan\u00e7o da Pol\u00edcia Rodovi\u00e1ria Federal. Em todos os casos o tr\u00e2nsito est\u00e1 bloqueado para ve\u00edculos de carga. Os outros autom\u00f3veis conseguem transitar.<\/p>\n<ul>\n<li>Aragua\u00edna &#8211; BR-153, km 152<\/li>\n<li>Nova Olinda &#8211; BR-153, km 208,7<\/li>\n<li>Colinas do Tocantins &#8211; BR-153, km 245<\/li>\n<li>Fortaleza do Taboc\u00e3o &#8211; BR-153, Km 360<\/li>\n<li>Para\u00edso do Tocantins &#8211; BR-153, km 492<\/li>\n<li>Gurupi &#8211; BR-153, km 674<\/li>\n<li>Alvorada &#8211; BR-153, km 761<\/li>\n<li>Pedro Afonso &#8211; entre a Ponte sobre o Rio Tocantins e o trevo da cidade &#8211; BR-235, km 164<\/li>\n<li>Silvan\u00f3polis &#8211; BR-010, km 306<\/li>\n<li>Santa Rosa &#8211; BR-010, km 260<\/li>\n<li>Figueir\u00f3polis &#8211; BR-153, km 723<\/li>\n<li>Taguatinga &#8211; BR-242, km 242<\/li>\n<\/ul>\n<p>Fonte:\u00a0G1 Tocantins<\/p>\n","protected":false},"excerpt":{"rendered":"<p>Uma carga de 40 mil litros de combust\u00edvel chegou na tarde desta sexta-feira (25) na garagem central do estado, na sa\u00edda de Palmas para Para\u00edso. O combust\u00edvel foi escoltado por viatura da Pol\u00edcia Militar Rodovi\u00e1ria. O caminh\u00e3o estava parado no bloqueio que est\u00e1 sendo feito na TO-080. O combust\u00edvel foi liberado pelo movimento grevista para [&hellip;]<\/p>\n","protected":false},"author":2,"featured_media":352,"comment_status":"open","ping_status":"open","sticky":false,"template":"","format":"standard","meta":[],"categories":[2,3,10],"tags":[],"_links":{"self":[{"href":"https:\/\/dgospel.com.br\/portal\/index.php\/wp-json\/wp\/v2\/posts\/351"}],"collection":[{"href":"https:\/\/dgospel.com.br\/portal\/index.php\/wp-json\/wp\/v2\/posts"}],"about":[{"href":"https:\/\/dgospel.com.br\/portal\/index.php\/wp-json\/wp\/v2\/types\/post"}],"author":[{"embeddable":true,"href":"https:\/\/dgospel.com.br\/portal\/index.php\/wp-json\/wp\/v2\/users\/2"}],"replies":[{"embeddable":true,"href":"https:\/\/dgospel.com.br\/portal\/index.php\/wp-json\/wp\/v2\/comments?post=351"}],"version-history":[{"count":1,"href":"https:\/\/dgospel.com.br\/portal\/index.php\/wp-json\/wp\/v2\/posts\/351\/revisions"}],"predecessor-version":[{"id":353,"href":"https:\/\/dgospel.com.br\/portal\/index.php\/wp-json\/wp\/v2\/posts\/351\/revisions\/353"}],"wp:featuredmedia":[{"embeddable":true,"href":"https:\/\/dgospel.com.br\/portal\/index.php\/wp-json\/wp\/v2\/media\/352"}],"wp:attachment":[{"href":"https:\/\/dgospel.com.br\/portal\/index.php\/wp-json\/wp\/v2\/media?parent=351"}],"wp:term":[{"taxonomy":"category","embeddable":true,"href":"https:\/\/dgospel.com.br\/portal\/index.php\/wp-json\/wp\/v2\/categories?post=351"},{"taxonomy":"post_tag","embeddable":true,"href":"https:\/\/dgospel.com.br\/portal\/index.php\/wp-json\/wp\/v2\/tags?post=351"}],"curies":[{"name":"wp","href":"https:\/\/api.w.org\/{rel}","templated":true}]}}