{"id":3512,"date":"2019-07-05T09:45:02","date_gmt":"2019-07-05T12:45:02","guid":{"rendered":"http:\/\/dgospel.com.br\/portal\/?p=3512"},"modified":"2019-07-05T09:45:04","modified_gmt":"2019-07-05T12:45:04","slug":"carlesse-destaca-relacao-de-harmonia-com-a-assembleia-e-agradece-empenho-dos-deputados-em-votacoes","status":"publish","type":"post","link":"https:\/\/dgospel.com.br\/portal\/index.php\/2019\/07\/05\/carlesse-destaca-relacao-de-harmonia-com-a-assembleia-e-agradece-empenho-dos-deputados-em-votacoes\/","title":{"rendered":"Carlesse destaca rela\u00e7\u00e3o de harmonia com a Assembleia e agradece empenho dos deputados em vota\u00e7\u00f5es"},"content":{"rendered":"\n<p>O governador do Estado do Tocantins, Mauro Carlesse, afirmou no fim da tarde desta quinta-feira, 4, que a rela\u00e7\u00e3o de harmonia entre o Poder Executivo e o Legislativo tem dado resultados positivos ao Tocantins. O Governador destacou o fim do primeiro per\u00edodo legislativo de 2019 e disse que, durante este primeiro semestre, mat\u00e9rias importantes foram discutidas, votadas e aprovadas de forma \u00e1gil e sempre atendendo aos princ\u00edpios da legalidade.<\/p>\n\n\n\n<p>\u201cTemos um di\u00e1logo aberto e permanente com todos os deputados estaduais e isso tem dado bons resultados para o Estado. Eles tem tido uma dedica\u00e7\u00e3o muito grande com essas mat\u00e9rias, que est\u00e3o promovendo as mudan\u00e7as que o Tocantins precisa para reequilibrar as finan\u00e7as do Governo e que v\u00e3o promover a volta do crescimento do nosso Estado. Com certeza, esse primeiro semestre da Assembleia foi muito produtivo e n\u00f3s, do Governo, s\u00f3 temos a agradecer a todos os deputados estaduais\u201d, frisou o Governador.<\/p>\n\n\n\n<p>O Governador relembrou que nos primeiros seis meses deste mandato, foram v\u00e1rias reuni\u00f5es realizadas com integrantes do Governo e os Parlamentares, sempre apresentando as mat\u00e9rias e debatendo os itens que mereceram aten\u00e7\u00e3o diferenciada. \u201cS\u00f3 vamos avan\u00e7ar com di\u00e1logo e com harmonia. Por isso, chamei n\u00e3o s\u00f3 a Assembleia, mas todos os Poderes e os \u00f3rg\u00e3os de controle, para discutir cada ponto importante. Todos foram ouvidos e atendidos no que foi poss\u00edvel. Esse \u00e9 um per\u00edodo fundamental para organizarmos o Estado para voltar a crescer com grandes projetos e grandes obras\u201d, afirmou o Governador.<\/p>\n","protected":false},"excerpt":{"rendered":"<p>O governador do Estado do Tocantins, Mauro Carlesse, afirmou no fim da tarde desta quinta-feira, 4, que a rela\u00e7\u00e3o de harmonia entre o Poder Executivo e o Legislativo tem dado resultados positivos ao Tocantins. O Governador destacou o fim do primeiro per\u00edodo legislativo de 2019 e disse que, durante este primeiro semestre, mat\u00e9rias importantes foram [&hellip;]<\/p>\n","protected":false},"author":2,"featured_media":3513,"comment_status":"open","ping_status":"open","sticky":false,"template":"","format":"standard","meta":[],"categories":[4],"tags":[],"_links":{"self":[{"href":"https:\/\/dgospel.com.br\/portal\/index.php\/wp-json\/wp\/v2\/posts\/3512"}],"collection":[{"href":"https:\/\/dgospel.com.br\/portal\/index.php\/wp-json\/wp\/v2\/posts"}],"about":[{"href":"https:\/\/dgospel.com.br\/portal\/index.php\/wp-json\/wp\/v2\/types\/post"}],"author":[{"embeddable":true,"href":"https:\/\/dgospel.com.br\/portal\/index.php\/wp-json\/wp\/v2\/users\/2"}],"replies":[{"embeddable":true,"href":"https:\/\/dgospel.com.br\/portal\/index.php\/wp-json\/wp\/v2\/comments?post=3512"}],"version-history":[{"count":1,"href":"https:\/\/dgospel.com.br\/portal\/index.php\/wp-json\/wp\/v2\/posts\/3512\/revisions"}],"predecessor-version":[{"id":3514,"href":"https:\/\/dgospel.com.br\/portal\/index.php\/wp-json\/wp\/v2\/posts\/3512\/revisions\/3514"}],"wp:featuredmedia":[{"embeddable":true,"href":"https:\/\/dgospel.com.br\/portal\/index.php\/wp-json\/wp\/v2\/media\/3513"}],"wp:attachment":[{"href":"https:\/\/dgospel.com.br\/portal\/index.php\/wp-json\/wp\/v2\/media?parent=3512"}],"wp:term":[{"taxonomy":"category","embeddable":true,"href":"https:\/\/dgospel.com.br\/portal\/index.php\/wp-json\/wp\/v2\/categories?post=3512"},{"taxonomy":"post_tag","embeddable":true,"href":"https:\/\/dgospel.com.br\/portal\/index.php\/wp-json\/wp\/v2\/tags?post=3512"}],"curies":[{"name":"wp","href":"https:\/\/api.w.org\/{rel}","templated":true}]}}