{"id":3516,"date":"2019-07-08T10:36:37","date_gmt":"2019-07-08T13:36:37","guid":{"rendered":"http:\/\/dgospel.com.br\/portal\/?p=3516"},"modified":"2019-07-08T10:36:39","modified_gmt":"2019-07-08T13:36:39","slug":"operacao-conjunta-reforca-a-seguranca-nas-rodovias-durante-temporada-de-praia","status":"publish","type":"post","link":"https:\/\/dgospel.com.br\/portal\/index.php\/2019\/07\/08\/operacao-conjunta-reforca-a-seguranca-nas-rodovias-durante-temporada-de-praia\/","title":{"rendered":"Opera\u00e7\u00e3o conjunta refor\u00e7a a seguran\u00e7a nas rodovias durante temporada de praia"},"content":{"rendered":"\n<p>O per\u00edodo de f\u00e9rias pede aten\u00e7\u00e3o redobrada nas estradas e foi pensando nisso que a Pol\u00edcia Militar, por meio do Comando de Policiamento da Capital (CPC), 1\u00ba Batalh\u00e3o de Pol\u00edcia Militar e Batalh\u00e3o de Pol\u00edcia Militar Rodovi\u00e1rio e de Divisas (BPMRED), juntamente com o apoio do Detran e Secretaria Municipal de Seguran\u00e7a e Mobilidade Urbana de Palmas, realizou na \u00faltima sexta-feira, 5, na TO-010, pr\u00f3ximo ao Km 7, na sa\u00edda para Miracema uma Blitz educativa com foco na opera\u00e7\u00e3o praias.<\/p>\n\n\n\n<p>O objetivo desta opera\u00e7\u00e3o conjunta das for\u00e7as de seguran\u00e7a foi intensificar a fiscaliza\u00e7\u00e3o na TO-010, garantindo a seguran\u00e7a, o bem-estar, e a tranquilidade social da popula\u00e7\u00e3o. Al\u00e9m de conscientizar os motoristas e a popula\u00e7\u00e3o sobre a sua responsabilidade na constru\u00e7\u00e3o de um tr\u00e2nsito seguro.<\/p>\n\n\n\n<p>Segundo o comandante da Opera\u00e7\u00e3o, tenente Glauco, est\u00e1 a\u00e7\u00e3o visa coibir a\u00e7\u00f5es criminosas e infra\u00e7\u00f5es na rodovia. \u201cA opera\u00e7\u00e3o foi muito proveitosa tamb\u00e9m pelo aspecto da intera\u00e7\u00e3o entre os \u00f3rg\u00e3os de seguran\u00e7a, e isso fortalece ainda mais o trabalho de fiscaliza\u00e7\u00e3o e o maior benefici\u00e1rio foi \u00e0 sociedade tocantinense\u201d, concluiu.<\/p>\n\n\n\n<p>Durante a blitz foram abordados&nbsp;aproximadamente 160 ve\u00edculos, onde foram averiguados os equipamentos obrigat\u00f3rios de seguran\u00e7a e orientados sobre a seguran\u00e7a em rodovias.<\/p>\n","protected":false},"excerpt":{"rendered":"<p>O per\u00edodo de f\u00e9rias pede aten\u00e7\u00e3o redobrada nas estradas e foi pensando nisso que a Pol\u00edcia Militar, por meio do Comando de Policiamento da Capital (CPC), 1\u00ba Batalh\u00e3o de Pol\u00edcia Militar e Batalh\u00e3o de Pol\u00edcia Militar Rodovi\u00e1rio e de Divisas (BPMRED), juntamente com o apoio do Detran e Secretaria Municipal de Seguran\u00e7a e Mobilidade Urbana [&hellip;]<\/p>\n","protected":false},"author":2,"featured_media":3517,"comment_status":"open","ping_status":"open","sticky":false,"template":"","format":"standard","meta":[],"categories":[3],"tags":[],"_links":{"self":[{"href":"https:\/\/dgospel.com.br\/portal\/index.php\/wp-json\/wp\/v2\/posts\/3516"}],"collection":[{"href":"https:\/\/dgospel.com.br\/portal\/index.php\/wp-json\/wp\/v2\/posts"}],"about":[{"href":"https:\/\/dgospel.com.br\/portal\/index.php\/wp-json\/wp\/v2\/types\/post"}],"author":[{"embeddable":true,"href":"https:\/\/dgospel.com.br\/portal\/index.php\/wp-json\/wp\/v2\/users\/2"}],"replies":[{"embeddable":true,"href":"https:\/\/dgospel.com.br\/portal\/index.php\/wp-json\/wp\/v2\/comments?post=3516"}],"version-history":[{"count":1,"href":"https:\/\/dgospel.com.br\/portal\/index.php\/wp-json\/wp\/v2\/posts\/3516\/revisions"}],"predecessor-version":[{"id":3518,"href":"https:\/\/dgospel.com.br\/portal\/index.php\/wp-json\/wp\/v2\/posts\/3516\/revisions\/3518"}],"wp:featuredmedia":[{"embeddable":true,"href":"https:\/\/dgospel.com.br\/portal\/index.php\/wp-json\/wp\/v2\/media\/3517"}],"wp:attachment":[{"href":"https:\/\/dgospel.com.br\/portal\/index.php\/wp-json\/wp\/v2\/media?parent=3516"}],"wp:term":[{"taxonomy":"category","embeddable":true,"href":"https:\/\/dgospel.com.br\/portal\/index.php\/wp-json\/wp\/v2\/categories?post=3516"},{"taxonomy":"post_tag","embeddable":true,"href":"https:\/\/dgospel.com.br\/portal\/index.php\/wp-json\/wp\/v2\/tags?post=3516"}],"curies":[{"name":"wp","href":"https:\/\/api.w.org\/{rel}","templated":true}]}}