{"id":3520,"date":"2019-07-09T09:29:13","date_gmt":"2019-07-09T12:29:13","guid":{"rendered":"http:\/\/dgospel.com.br\/portal\/?p=3520"},"modified":"2019-07-09T09:29:14","modified_gmt":"2019-07-09T12:29:14","slug":"cantor-gospel-e-baleado-na-cabeca-e-esta-em-estado-grave-no-rj","status":"publish","type":"post","link":"https:\/\/dgospel.com.br\/portal\/index.php\/2019\/07\/09\/cantor-gospel-e-baleado-na-cabeca-e-esta-em-estado-grave-no-rj\/","title":{"rendered":"Cantor gospel \u00e9 baleado na cabe\u00e7a e est\u00e1 em estado grave no RJ"},"content":{"rendered":"\n<p>O cantor gospel Elyon Sosthenes, foi baleado no pesco\u00e7o e cabe\u00e7a\nem uma tentativa de assalto em Duque de Caxias, na Baixada Fluminense, na\nmadrugada de segunda-feira (8), e segue internado em estado grave, segundo o\n\u00faltimo boletim m\u00e9dico.<\/p>\n\n\n\n<p>De acordo com uma\npostagem em uma rede social feita pelo irm\u00e3o do cantor na noite de segunda, ele\nfoi operado no Hospital Ad\u00e3o Pereira Nunes, onde segue internado, e est\u00e1\nest\u00e1vel. Segundo a mensagem, as pr\u00f3ximas 48 horas ser\u00e3o fundamentais para a\nrecupera\u00e7\u00e3o.<\/p>\n\n\n\n<p>Elyon foi abordado por\ncriminosos, que atiraram contra o carro. Policiais militares o encontraram\ndentro do carro, ap\u00f3s o ve\u00edculo bater.<\/p>\n","protected":false},"excerpt":{"rendered":"<p>O cantor gospel Elyon Sosthenes, foi baleado no pesco\u00e7o e cabe\u00e7a em uma tentativa de assalto em Duque de Caxias, na Baixada Fluminense, na madrugada de segunda-feira (8), e segue internado em estado grave, segundo o \u00faltimo boletim m\u00e9dico. De acordo com uma postagem em uma rede social feita pelo irm\u00e3o do cantor na noite [&hellip;]<\/p>\n","protected":false},"author":2,"featured_media":3521,"comment_status":"open","ping_status":"open","sticky":false,"template":"","format":"standard","meta":[],"categories":[5],"tags":[],"_links":{"self":[{"href":"https:\/\/dgospel.com.br\/portal\/index.php\/wp-json\/wp\/v2\/posts\/3520"}],"collection":[{"href":"https:\/\/dgospel.com.br\/portal\/index.php\/wp-json\/wp\/v2\/posts"}],"about":[{"href":"https:\/\/dgospel.com.br\/portal\/index.php\/wp-json\/wp\/v2\/types\/post"}],"author":[{"embeddable":true,"href":"https:\/\/dgospel.com.br\/portal\/index.php\/wp-json\/wp\/v2\/users\/2"}],"replies":[{"embeddable":true,"href":"https:\/\/dgospel.com.br\/portal\/index.php\/wp-json\/wp\/v2\/comments?post=3520"}],"version-history":[{"count":1,"href":"https:\/\/dgospel.com.br\/portal\/index.php\/wp-json\/wp\/v2\/posts\/3520\/revisions"}],"predecessor-version":[{"id":3522,"href":"https:\/\/dgospel.com.br\/portal\/index.php\/wp-json\/wp\/v2\/posts\/3520\/revisions\/3522"}],"wp:featuredmedia":[{"embeddable":true,"href":"https:\/\/dgospel.com.br\/portal\/index.php\/wp-json\/wp\/v2\/media\/3521"}],"wp:attachment":[{"href":"https:\/\/dgospel.com.br\/portal\/index.php\/wp-json\/wp\/v2\/media?parent=3520"}],"wp:term":[{"taxonomy":"category","embeddable":true,"href":"https:\/\/dgospel.com.br\/portal\/index.php\/wp-json\/wp\/v2\/categories?post=3520"},{"taxonomy":"post_tag","embeddable":true,"href":"https:\/\/dgospel.com.br\/portal\/index.php\/wp-json\/wp\/v2\/tags?post=3520"}],"curies":[{"name":"wp","href":"https:\/\/api.w.org\/{rel}","templated":true}]}}