{"id":3523,"date":"2019-07-09T09:43:06","date_gmt":"2019-07-09T12:43:06","guid":{"rendered":"http:\/\/dgospel.com.br\/portal\/?p=3523"},"modified":"2019-07-09T09:43:07","modified_gmt":"2019-07-09T12:43:07","slug":"bolsonaro-sanciona-lei-que-cria-universidade-federal-do-norte-do-tocantins","status":"publish","type":"post","link":"https:\/\/dgospel.com.br\/portal\/index.php\/2019\/07\/09\/bolsonaro-sanciona-lei-que-cria-universidade-federal-do-norte-do-tocantins\/","title":{"rendered":"Bolsonaro sanciona Lei que cria Universidade Federal do Norte do Tocantins"},"content":{"rendered":"\n<p>O presidente Jair Bolsonaro (PSL) sancionou nesta segunda-feira\n(8) o projeto que cria a Universidade Federal do Norte do Tocantins. A cria\u00e7\u00e3o\nda UFNT tinha sido aprovada no Senado no dia 12 de junho e&nbsp;<strong>aguardava\na san\u00e7\u00e3o do presidente desde ent\u00e3o<\/strong>. A publica\u00e7\u00e3o est\u00e1 no&nbsp;<strong>Di\u00e1rio Oficial da Uni\u00e3o.<\/strong><\/p>\n\n\n\n<p>A sede da UFNT ser\u00e1 em\nAragua\u00edna. Tamb\u00e9m haver\u00e1 campus em Xambio\u00e1, Tocantin\u00f3polis e Guara\u00ed. As\nestruturas de Aragua\u00edna e Tocantin\u00f3polis ser\u00e1 desmembrada da atual Universidade\nFederal do Tocantins (UFT), as demais ainda ser\u00e3o criadas.<\/p>\n\n\n\n<p>A UFT segue\nfuncionando normalmente em Palmas e nas cidades de Gurupi, Arraias, Miracema e\nPorto Nacional. O projeto para a divis\u00e3o tramitava h\u00e1 tr\u00eas anos e a ideia \u00e9 dar\nmais autonomia para a gest\u00e3o de recursos da universidade e atrair estudantes da\nregi\u00e3o norte do estado.<\/p>\n\n\n\n<p>A lei que criou a UFNT tamb\u00e9m fez a cria\u00e7\u00e3o de 316 cargos de dire\u00e7\u00e3o, de fun\u00e7\u00f5es gratificadas e de fun\u00e7\u00f5es comissionadas. Al\u00e9m de 175 cargos efetivos para a universidade.<\/p>\n\n\n\n<figure class=\"wp-block-embed-youtube wp-block-embed is-type-video is-provider-youtube wp-embed-aspect-16-9 wp-has-aspect-ratio\"><div class=\"wp-block-embed__wrapper\">\n<iframe loading=\"lazy\" title=\"Bolsonaro sanciona lei que cria Universidade Federal do Norte do Tocantins\" width=\"630\" height=\"354\" src=\"https:\/\/www.youtube.com\/embed\/xvibZAXCfRU?feature=oembed\" frameborder=\"0\" allow=\"accelerometer; autoplay; encrypted-media; gyroscope; picture-in-picture\" allowfullscreen><\/iframe>\n<\/div><\/figure>\n","protected":false},"excerpt":{"rendered":"<p>O presidente Jair Bolsonaro (PSL) sancionou nesta segunda-feira (8) o projeto que cria a Universidade Federal do Norte do Tocantins. A cria\u00e7\u00e3o da UFNT tinha sido aprovada no Senado no dia 12 de junho e&nbsp;aguardava a san\u00e7\u00e3o do presidente desde ent\u00e3o. A publica\u00e7\u00e3o est\u00e1 no&nbsp;Di\u00e1rio Oficial da Uni\u00e3o. A sede da UFNT ser\u00e1 em Aragua\u00edna. [&hellip;]<\/p>\n","protected":false},"author":2,"featured_media":3524,"comment_status":"open","ping_status":"open","sticky":false,"template":"","format":"standard","meta":[],"categories":[4],"tags":[],"_links":{"self":[{"href":"https:\/\/dgospel.com.br\/portal\/index.php\/wp-json\/wp\/v2\/posts\/3523"}],"collection":[{"href":"https:\/\/dgospel.com.br\/portal\/index.php\/wp-json\/wp\/v2\/posts"}],"about":[{"href":"https:\/\/dgospel.com.br\/portal\/index.php\/wp-json\/wp\/v2\/types\/post"}],"author":[{"embeddable":true,"href":"https:\/\/dgospel.com.br\/portal\/index.php\/wp-json\/wp\/v2\/users\/2"}],"replies":[{"embeddable":true,"href":"https:\/\/dgospel.com.br\/portal\/index.php\/wp-json\/wp\/v2\/comments?post=3523"}],"version-history":[{"count":1,"href":"https:\/\/dgospel.com.br\/portal\/index.php\/wp-json\/wp\/v2\/posts\/3523\/revisions"}],"predecessor-version":[{"id":3525,"href":"https:\/\/dgospel.com.br\/portal\/index.php\/wp-json\/wp\/v2\/posts\/3523\/revisions\/3525"}],"wp:featuredmedia":[{"embeddable":true,"href":"https:\/\/dgospel.com.br\/portal\/index.php\/wp-json\/wp\/v2\/media\/3524"}],"wp:attachment":[{"href":"https:\/\/dgospel.com.br\/portal\/index.php\/wp-json\/wp\/v2\/media?parent=3523"}],"wp:term":[{"taxonomy":"category","embeddable":true,"href":"https:\/\/dgospel.com.br\/portal\/index.php\/wp-json\/wp\/v2\/categories?post=3523"},{"taxonomy":"post_tag","embeddable":true,"href":"https:\/\/dgospel.com.br\/portal\/index.php\/wp-json\/wp\/v2\/tags?post=3523"}],"curies":[{"name":"wp","href":"https:\/\/api.w.org\/{rel}","templated":true}]}}