{"id":3529,"date":"2019-07-09T09:54:41","date_gmt":"2019-07-09T12:54:41","guid":{"rendered":"http:\/\/dgospel.com.br\/portal\/?p=3529"},"modified":"2019-07-09T09:54:42","modified_gmt":"2019-07-09T12:54:42","slug":"governador-carlesse-transmite-cargo-ao-vice-wanderlei-barbosa","status":"publish","type":"post","link":"https:\/\/dgospel.com.br\/portal\/index.php\/2019\/07\/09\/governador-carlesse-transmite-cargo-ao-vice-wanderlei-barbosa\/","title":{"rendered":"Governador Carlesse transmite cargo ao vice Wanderlei Barbosa"},"content":{"rendered":"\n<p>O governador do Estado do Tocantins, Mauro Carlesse, assinou o Termo de Transmiss\u00e3o de Cargo ao vice-governador Wanderlei Barbosa, que passa a responder pelo Poder Executivo do Estado do Tocantins a partir desta ter\u00e7a-feira, 9, at\u00e9 o pr\u00f3ximo dia 23. O governador Mauro Carlesse transmitiu o cargo em virtude de viagem particular que far\u00e1 no per\u00edodo.<\/p>\n\n\n\n<p>O vice-governador Wanderlei Barbosa, que a partir desta ter\u00e7a-feira, ser\u00e1 o Governador em Exerc\u00edcio, afirmou que pretende dar seguimento \u00e0s a\u00e7\u00f5es j\u00e1 planejadas e em andamento. \u201cSer\u00e1 um per\u00edodo em que pretendo acrescentar algo no que j\u00e1 est\u00e1 sendo feito. Os trabalhos do Governo transcorrem normalmente e vamos implementar uma agenda de acompanhamento nesses trabalhos e de visitas aos munic\u00edpios\u201d, afirmou Wanderlei Barbosa.<\/p>\n\n\n\n<p>O Termo de Transmiss\u00e3o de Cargo ser\u00e1 publicado no Di\u00e1rio Oficial do Estado desta segunda-feira, 8. O governador Mauro Carlesse reassumir\u00e1 o cargo e retomar\u00e1 os trabalhos a partir do pr\u00f3ximo dia 24.<\/p>\n","protected":false},"excerpt":{"rendered":"<p>O governador do Estado do Tocantins, Mauro Carlesse, assinou o Termo de Transmiss\u00e3o de Cargo ao vice-governador Wanderlei Barbosa, que passa a responder pelo Poder Executivo do Estado do Tocantins a partir desta ter\u00e7a-feira, 9, at\u00e9 o pr\u00f3ximo dia 23. O governador Mauro Carlesse transmitiu o cargo em virtude de viagem particular que far\u00e1 no [&hellip;]<\/p>\n","protected":false},"author":2,"featured_media":3530,"comment_status":"open","ping_status":"open","sticky":false,"template":"","format":"standard","meta":[],"categories":[3],"tags":[],"_links":{"self":[{"href":"https:\/\/dgospel.com.br\/portal\/index.php\/wp-json\/wp\/v2\/posts\/3529"}],"collection":[{"href":"https:\/\/dgospel.com.br\/portal\/index.php\/wp-json\/wp\/v2\/posts"}],"about":[{"href":"https:\/\/dgospel.com.br\/portal\/index.php\/wp-json\/wp\/v2\/types\/post"}],"author":[{"embeddable":true,"href":"https:\/\/dgospel.com.br\/portal\/index.php\/wp-json\/wp\/v2\/users\/2"}],"replies":[{"embeddable":true,"href":"https:\/\/dgospel.com.br\/portal\/index.php\/wp-json\/wp\/v2\/comments?post=3529"}],"version-history":[{"count":1,"href":"https:\/\/dgospel.com.br\/portal\/index.php\/wp-json\/wp\/v2\/posts\/3529\/revisions"}],"predecessor-version":[{"id":3531,"href":"https:\/\/dgospel.com.br\/portal\/index.php\/wp-json\/wp\/v2\/posts\/3529\/revisions\/3531"}],"wp:featuredmedia":[{"embeddable":true,"href":"https:\/\/dgospel.com.br\/portal\/index.php\/wp-json\/wp\/v2\/media\/3530"}],"wp:attachment":[{"href":"https:\/\/dgospel.com.br\/portal\/index.php\/wp-json\/wp\/v2\/media?parent=3529"}],"wp:term":[{"taxonomy":"category","embeddable":true,"href":"https:\/\/dgospel.com.br\/portal\/index.php\/wp-json\/wp\/v2\/categories?post=3529"},{"taxonomy":"post_tag","embeddable":true,"href":"https:\/\/dgospel.com.br\/portal\/index.php\/wp-json\/wp\/v2\/tags?post=3529"}],"curies":[{"name":"wp","href":"https:\/\/api.w.org\/{rel}","templated":true}]}}