{"id":3532,"date":"2019-07-09T09:57:45","date_gmt":"2019-07-09T12:57:45","guid":{"rendered":"http:\/\/dgospel.com.br\/portal\/?p=3532"},"modified":"2019-07-09T09:57:47","modified_gmt":"2019-07-09T12:57:47","slug":"balanco-parcial-da-pm-aponta-tranquilidade-no-inicio-da-temporada-de-praia-2019","status":"publish","type":"post","link":"https:\/\/dgospel.com.br\/portal\/index.php\/2019\/07\/09\/balanco-parcial-da-pm-aponta-tranquilidade-no-inicio-da-temporada-de-praia-2019\/","title":{"rendered":"Balan\u00e7o parcial da PM aponta tranquilidade no in\u00edcio da temporada de praia 2019"},"content":{"rendered":"\n<p>A Opera\u00e7\u00e3o Praia Segura, desenvolvida pela Pol\u00edcia Militar (PM) do Tocantins desde o dia 28 de junho, vem garantindo tranquilidade aos frequentadores nesta temporada, em todas as praias do Estado que contam com programa\u00e7\u00e3o oficial. O balan\u00e7o do \u00faltimo fim de semana (5 a 7 de julho) aponta que nenhuma ocorr\u00eancia de vulto foi registrada pela PM nestes locais. O policiamento especialmente desenvolvido para o per\u00edodo segue at\u00e9 o dia 31 de julho.<\/p>\n\n\n\n<p>O comandante geral da Pol\u00edcia Militar, coronel Jaizon Veras Barbosa, atribui esse resultado positivo ao planejamento desenvolvido pela institui\u00e7\u00e3o em parceria com as demais for\u00e7as de seguran\u00e7a, e a atua\u00e7\u00e3o dos profissionais empenhados no servi\u00e7o. \u201cA PM est\u00e1 direcionando seu efetivo de modo estrat\u00e9gico nos locais com maior concentra\u00e7\u00e3o de pessoas, refor\u00e7ando o policiamento nas praias mais frequentadas, sem esquecer o policiamento ordin\u00e1rio, que atua normalmente nas cidades. A popula\u00e7\u00e3o sentiu a presen\u00e7a da PM e isso gera sensa\u00e7\u00e3o de seguran\u00e7a\u201d disse.<\/p>\n\n\n\n<p>Al\u00e9m da a\u00e7\u00e3o nas praias, a PM atua ainda em rodovias e vias de acesso \u00e0s praias, com foco no policiamento preventivo, combate ao tr\u00e1fico de drogas, porte ilegal de arma de fogo, fiscaliza\u00e7\u00e3o rodovi\u00e1ria e ambiental. Est\u00e3o empenhados nesta Opera\u00e7\u00e3o as unidades especializadas da PM, como Batalh\u00e3o de Pol\u00edcia Militar Rodovi\u00e1rio e de Divisas (BPMRED), Batalh\u00e3o de Pol\u00edcia Militar Ambiental (BPMA), com apoio do Batalh\u00e3o de Choque e da Companhia Independente de Opera\u00e7\u00f5es Especiais (CIOE).<\/p>\n\n\n\n<p><strong>Ocorr\u00eancias<\/strong><\/p>\n\n\n\n<p>No s\u00e1bado, 6, na Praia da Tartaruga, munic\u00edpio de Peixe, um menor infrator foi apreendido pela PM por trafico de entorpecentes. O jovem que j\u00e1 \u00e9 conhecido da PM foi abordado assim que desembarcou na praia. Na mochila do menor os policiais localizaram quase meio quilo de subst\u00e2ncia an\u00e1loga coca\u00edna, sendo sete embalagens e duas pedras. Ele disse aos policiais que venderia casa embalagem pelo valor de R$ 100.00. O infrator e o material apreendido foram conduzidos \u00e0 Delegacia de Pol\u00edcia de Peixe.<\/p>\n\n\n\n<p>Ainda na tarde de s\u00e1bado, 6, o condutor de uma van, homem de 32 anos, foi preso pela PM por porte ilegal de arma de fogo, durante uma blitz realizada pela&nbsp; equipe de For\u00e7a T\u00e1tica do 5\u00ba BPM&nbsp; e do Batalh\u00e3o Rodovi\u00e1rio (BPMRED),&nbsp; em a\u00e7\u00f5es conjuntas na Rodovia TO 247, que liga Mateiros a Dian\u00f3polis. Em poder do suspeito, os policiais apreenderam uma pistola semiautom\u00e1tica calibre 9mm, com um carregador contendo oito muni\u00e7\u00f5es do mesmo calibre intactas. O indiv\u00edduo e todo material apreendido foram encaminhados \u00e0 Central de Flagrantes em Porto Nacional.<\/p>\n\n\n\n<p>J\u00e1 na sexta-feira, 5, policiais militares em aula pr\u00e1tica do I Curso de Policiamento de Tr\u00e2nsito Rodovi\u00e1rio na altura do km 115 da rodovia TO-222, proximidades da cidade de Aragua\u00edna, apreenderam dois caminh\u00f5es (Trator Iveco Strallis, modelo 800S 48TZ e um Trator Mercedes Benz Axor 1933). Os ve\u00edculos trafegavam com l\u00edquido adulterado no reservat\u00f3rio espec\u00edfico de ARLA 32. O produto \u00e9 obrigat\u00f3rio para ve\u00edculos movidos a diesel, com peso bruto total acima de 3856 kg, fabricados a partir de 2012, e tem como finalidade a redu\u00e7\u00e3o da emiss\u00e3o de poluentes pela queima do combust\u00edvel. Os ve\u00edculos e condutores foram encaminhados \u00e0 Delegacia de Pol\u00edcia em Aragua\u00edna, para os procedimentos legais cab\u00edveis.<\/p>\n\n\n\n<p><strong>Apoio da Ciopaer<\/strong><\/p>\n\n\n\n<p>Para o pr\u00f3ximo final de semana (12 a 14 de julho) o comandante geral da PM, coronel Jaizon, conseguiu a libera\u00e7\u00e3o do helic\u00f3ptero Tocantins 01, do Centro Integrado de Opera\u00e7\u00f5es A\u00e9reas (Ciopaer), para apoiar em patrulhamento a\u00e9reo ostensivo, atendimento aerom\u00e9dico e salvamento aqu\u00e1tico.<\/p>\n\n\n\n<p>A aeronave ficar\u00e1 baseada a cada final de semana (sexta a domingo) em uma determinada regi\u00e3o, come\u00e7ando por Pedro Afonso, e no retorno para Palmas, no domingo, far\u00e1 sobrevoos ostensivos nas praias de Lajeado e Miracema.<\/p>\n","protected":false},"excerpt":{"rendered":"<p>A Opera\u00e7\u00e3o Praia Segura, desenvolvida pela Pol\u00edcia Militar (PM) do Tocantins desde o dia 28 de junho, vem garantindo tranquilidade aos frequentadores nesta temporada, em todas as praias do Estado que contam com programa\u00e7\u00e3o oficial. O balan\u00e7o do \u00faltimo fim de semana (5 a 7 de julho) aponta que nenhuma ocorr\u00eancia de vulto foi registrada [&hellip;]<\/p>\n","protected":false},"author":2,"featured_media":3533,"comment_status":"open","ping_status":"open","sticky":false,"template":"","format":"standard","meta":[],"categories":[3],"tags":[],"_links":{"self":[{"href":"https:\/\/dgospel.com.br\/portal\/index.php\/wp-json\/wp\/v2\/posts\/3532"}],"collection":[{"href":"https:\/\/dgospel.com.br\/portal\/index.php\/wp-json\/wp\/v2\/posts"}],"about":[{"href":"https:\/\/dgospel.com.br\/portal\/index.php\/wp-json\/wp\/v2\/types\/post"}],"author":[{"embeddable":true,"href":"https:\/\/dgospel.com.br\/portal\/index.php\/wp-json\/wp\/v2\/users\/2"}],"replies":[{"embeddable":true,"href":"https:\/\/dgospel.com.br\/portal\/index.php\/wp-json\/wp\/v2\/comments?post=3532"}],"version-history":[{"count":1,"href":"https:\/\/dgospel.com.br\/portal\/index.php\/wp-json\/wp\/v2\/posts\/3532\/revisions"}],"predecessor-version":[{"id":3534,"href":"https:\/\/dgospel.com.br\/portal\/index.php\/wp-json\/wp\/v2\/posts\/3532\/revisions\/3534"}],"wp:featuredmedia":[{"embeddable":true,"href":"https:\/\/dgospel.com.br\/portal\/index.php\/wp-json\/wp\/v2\/media\/3533"}],"wp:attachment":[{"href":"https:\/\/dgospel.com.br\/portal\/index.php\/wp-json\/wp\/v2\/media?parent=3532"}],"wp:term":[{"taxonomy":"category","embeddable":true,"href":"https:\/\/dgospel.com.br\/portal\/index.php\/wp-json\/wp\/v2\/categories?post=3532"},{"taxonomy":"post_tag","embeddable":true,"href":"https:\/\/dgospel.com.br\/portal\/index.php\/wp-json\/wp\/v2\/tags?post=3532"}],"curies":[{"name":"wp","href":"https:\/\/api.w.org\/{rel}","templated":true}]}}