{"id":3535,"date":"2019-07-09T10:00:28","date_gmt":"2019-07-09T13:00:28","guid":{"rendered":"http:\/\/dgospel.com.br\/portal\/?p=3535"},"modified":"2019-07-09T10:00:29","modified_gmt":"2019-07-09T13:00:29","slug":"defesa-civil-estadual-e-parceiros-realizam-dia-d-na-regiao-sudeste","status":"publish","type":"post","link":"https:\/\/dgospel.com.br\/portal\/index.php\/2019\/07\/09\/defesa-civil-estadual-e-parceiros-realizam-dia-d-na-regiao-sudeste\/","title":{"rendered":"Defesa Civil Estadual e parceiros realizam \u201cDia D\u201d na Regi\u00e3o Sudeste"},"content":{"rendered":"\n<p>A regi\u00e3o sudeste do Estado ser\u00e1 o pr\u00f3ximo alvo das a\u00e7\u00f5es do Comit\u00ea Estadual de Combate a Inc\u00eandios Florestais e Controle de Queimadas no Tocantins (Comit\u00ea do Fogo), com a realiza\u00e7\u00e3o do chamado Dia D. A programa\u00e7\u00e3o ser\u00e1 desenvolvida em Paran\u00e3, Arraias e Dian\u00f3polis, visando orientar e alertar sobre o n\u00e3o uso do fogo neste per\u00edodo, quando a falta de chuva se torna prop\u00edcia para os inc\u00eandios florestais com grandes preju\u00edzos ao meio ambiente e tamb\u00e9m aos pr\u00f3prios moradores da zona rural. Todo o trabalho \u00e9 capitaneado pela Coordenadoria Estadual de Prote\u00e7\u00e3o e Defesa Civil.<\/p>\n\n\n\n<p>A cidade de Paran\u00e3, cerca de 360 quil\u00f4metros de Palmas, j\u00e1 na divisa do Tocantins com o Goi\u00e1s, \u00e9 a primeira a receber o evento na regi\u00e3o. A programa\u00e7\u00e3o ser\u00e1 nesta ter\u00e7a-feira, 09, com in\u00edcio \u00e0s 8 horas, e a meta dos parceiros \u00e9 visitar pelo menos 100 propriedades.<\/p>\n\n\n\n<p>Na quarta-feira, 10, ser\u00e1 a vez das cidades de Arraias e Dian\u00f3polis receberem as equipes para a programa\u00e7\u00e3o. Ao todo, o Comit\u00ea do Fogo vai a dez munic\u00edpios. Todos eles formam o grupo onde mais houve \u00edndices de inc\u00eandios florestais em 2018.<\/p>\n\n\n\n<p>Ao final da programa\u00e7\u00e3o, os 32 parceiros que integram o Comit\u00ea do Fogo querem contabilizar 1800 propriedades visitas nas 18 cidades listadas.<\/p>\n\n\n\n<p>Durante a passagem em cada ch\u00e1cara, est\u00e2ncia, s\u00edtio ou fazenda, as equipes da For\u00e7a-Tarefa v\u00e3o contar com um aplicativo que registra a exata localiza\u00e7\u00e3o da propriedade. A ferramenta ainda possibilidade acrescentar informa\u00e7\u00f5es sobre a visita, o que foi desenvolvido no local, adicionar fotos, etc. O banco de dados poder\u00e1 ser analisado numa pr\u00f3xima ocasi\u00e3o, com compara\u00e7\u00e3o das informa\u00e7\u00f5es.<\/p>\n\n\n\n<p><strong>A lista<\/strong><\/p>\n\n\n\n<p>Os munic\u00edpios listados como os que mais queimaram no Estado em 2018, s\u00e3o: Pium, Formoso do Araguaia, Lagoa da Confus\u00e3o, Lizarda, Paran\u00e3, Arraias, Goiatins, Mateiros, Ponte Alta do Tocantins e Rio Sono.<\/p>\n","protected":false},"excerpt":{"rendered":"<p>A regi\u00e3o sudeste do Estado ser\u00e1 o pr\u00f3ximo alvo das a\u00e7\u00f5es do Comit\u00ea Estadual de Combate a Inc\u00eandios Florestais e Controle de Queimadas no Tocantins (Comit\u00ea do Fogo), com a realiza\u00e7\u00e3o do chamado Dia D. A programa\u00e7\u00e3o ser\u00e1 desenvolvida em Paran\u00e3, Arraias e Dian\u00f3polis, visando orientar e alertar sobre o n\u00e3o uso do fogo neste [&hellip;]<\/p>\n","protected":false},"author":2,"featured_media":3536,"comment_status":"open","ping_status":"open","sticky":false,"template":"","format":"standard","meta":[],"categories":[3],"tags":[],"_links":{"self":[{"href":"https:\/\/dgospel.com.br\/portal\/index.php\/wp-json\/wp\/v2\/posts\/3535"}],"collection":[{"href":"https:\/\/dgospel.com.br\/portal\/index.php\/wp-json\/wp\/v2\/posts"}],"about":[{"href":"https:\/\/dgospel.com.br\/portal\/index.php\/wp-json\/wp\/v2\/types\/post"}],"author":[{"embeddable":true,"href":"https:\/\/dgospel.com.br\/portal\/index.php\/wp-json\/wp\/v2\/users\/2"}],"replies":[{"embeddable":true,"href":"https:\/\/dgospel.com.br\/portal\/index.php\/wp-json\/wp\/v2\/comments?post=3535"}],"version-history":[{"count":1,"href":"https:\/\/dgospel.com.br\/portal\/index.php\/wp-json\/wp\/v2\/posts\/3535\/revisions"}],"predecessor-version":[{"id":3537,"href":"https:\/\/dgospel.com.br\/portal\/index.php\/wp-json\/wp\/v2\/posts\/3535\/revisions\/3537"}],"wp:featuredmedia":[{"embeddable":true,"href":"https:\/\/dgospel.com.br\/portal\/index.php\/wp-json\/wp\/v2\/media\/3536"}],"wp:attachment":[{"href":"https:\/\/dgospel.com.br\/portal\/index.php\/wp-json\/wp\/v2\/media?parent=3535"}],"wp:term":[{"taxonomy":"category","embeddable":true,"href":"https:\/\/dgospel.com.br\/portal\/index.php\/wp-json\/wp\/v2\/categories?post=3535"},{"taxonomy":"post_tag","embeddable":true,"href":"https:\/\/dgospel.com.br\/portal\/index.php\/wp-json\/wp\/v2\/tags?post=3535"}],"curies":[{"name":"wp","href":"https:\/\/api.w.org\/{rel}","templated":true}]}}