{"id":3544,"date":"2019-07-09T10:19:11","date_gmt":"2019-07-09T13:19:11","guid":{"rendered":"http:\/\/dgospel.com.br\/portal\/?p=3544"},"modified":"2019-07-09T10:19:13","modified_gmt":"2019-07-09T13:19:13","slug":"vice-presidente-da-republica-confirma-presenca-no-forum-de-administracao-que-acontecera-em-palmas","status":"publish","type":"post","link":"https:\/\/dgospel.com.br\/portal\/index.php\/2019\/07\/09\/vice-presidente-da-republica-confirma-presenca-no-forum-de-administracao-que-acontecera-em-palmas\/","title":{"rendered":"Vice-presidente da Rep\u00fablica confirma presen\u00e7a no F\u00f3rum de Administra\u00e7\u00e3o que acontecer\u00e1 em Palmas"},"content":{"rendered":"\n<p>Integrantes da comiss\u00e3o organizadora do XVI F\u00f3rum Internacional de Administra\u00e7\u00e3o (FIA) se reuniram nesta segunda, 08, com o vice-presidente da Rep\u00fablica, general Hamilton Mour\u00e3o. Na ocasi\u00e3o, a comiss\u00e3o convidou Mour\u00e3o para participar do evento. O vice-presidente confirmou que, al\u00e9m de estar presente na cerim\u00f4nia de abertura do evento, far\u00e1 a palestra magna do F\u00f3rum sobre temas ligados \u00e0 gest\u00e3o e desenvolvimento econ\u00f4mico.<\/p>\n\n\n\n<p>O vice-presidente do Conselho Federal de Administra\u00e7\u00e3o e tamb\u00e9m secret\u00e1rio municipal de Finan\u00e7as, Rog\u00e9rio Ramos, refor\u00e7ou tamb\u00e9m o convite feito pela prefeita Cinthia Ribeiro para que Mour\u00e3o venha \u00e0 abertura do F\u00f3rum, que ser\u00e1 realizado em Palmas de 1\u00ba a 3 de outubro. A prefeita enviou um presente contendo artesanato representativo de Palmas, entregue ao vice-presidente pelas m\u00e3os de Rog\u00e9rio Ramos.<\/p>\n\n\n\n<p>O evento, promovido pelos Conselhos Regionais de Administra\u00e7\u00e3o do Tocantins e do Distrito Federal (CRA-TO \/ CRA-DF) em parceria com o Conselho Federal de Administra\u00e7\u00e3o (CFA), \u00e9 considerado um dos mais importantes da \u00e1rea da administra\u00e7\u00e3o. O XVI FIA, que acontecer\u00e1 em Palmas (TO),&nbsp; ter\u00e1 como o tema &#8216;Lideran\u00e7a Empreendedora \u2013 Uma realidade necess\u00e1ria&#8217;.<\/p>\n\n\n\n<p>\u201cPara n\u00f3s, ser\u00e1 uma honra receber o vice-presidente da Rep\u00fablica. Ele que \u00e9 uma pessoa dotada de muito conhecimento e de uma influ\u00eancia positiva que com certeza vai agregar muito ao teor t\u00e9cnico do nosso evento\u201d, disse Rog\u00e9rio, referindo-se ao XVI FIA.(Com informa\u00e7\u00f5es da Ascom\/CFA)<\/p>\n","protected":false},"excerpt":{"rendered":"<p>Integrantes da comiss\u00e3o organizadora do XVI F\u00f3rum Internacional de Administra\u00e7\u00e3o (FIA) se reuniram nesta segunda, 08, com o vice-presidente da Rep\u00fablica, general Hamilton Mour\u00e3o. Na ocasi\u00e3o, a comiss\u00e3o convidou Mour\u00e3o para participar do evento. O vice-presidente confirmou que, al\u00e9m de estar presente na cerim\u00f4nia de abertura do evento, far\u00e1 a palestra magna do F\u00f3rum sobre [&hellip;]<\/p>\n","protected":false},"author":2,"featured_media":3545,"comment_status":"open","ping_status":"open","sticky":false,"template":"","format":"standard","meta":[],"categories":[4],"tags":[],"_links":{"self":[{"href":"https:\/\/dgospel.com.br\/portal\/index.php\/wp-json\/wp\/v2\/posts\/3544"}],"collection":[{"href":"https:\/\/dgospel.com.br\/portal\/index.php\/wp-json\/wp\/v2\/posts"}],"about":[{"href":"https:\/\/dgospel.com.br\/portal\/index.php\/wp-json\/wp\/v2\/types\/post"}],"author":[{"embeddable":true,"href":"https:\/\/dgospel.com.br\/portal\/index.php\/wp-json\/wp\/v2\/users\/2"}],"replies":[{"embeddable":true,"href":"https:\/\/dgospel.com.br\/portal\/index.php\/wp-json\/wp\/v2\/comments?post=3544"}],"version-history":[{"count":1,"href":"https:\/\/dgospel.com.br\/portal\/index.php\/wp-json\/wp\/v2\/posts\/3544\/revisions"}],"predecessor-version":[{"id":3546,"href":"https:\/\/dgospel.com.br\/portal\/index.php\/wp-json\/wp\/v2\/posts\/3544\/revisions\/3546"}],"wp:featuredmedia":[{"embeddable":true,"href":"https:\/\/dgospel.com.br\/portal\/index.php\/wp-json\/wp\/v2\/media\/3545"}],"wp:attachment":[{"href":"https:\/\/dgospel.com.br\/portal\/index.php\/wp-json\/wp\/v2\/media?parent=3544"}],"wp:term":[{"taxonomy":"category","embeddable":true,"href":"https:\/\/dgospel.com.br\/portal\/index.php\/wp-json\/wp\/v2\/categories?post=3544"},{"taxonomy":"post_tag","embeddable":true,"href":"https:\/\/dgospel.com.br\/portal\/index.php\/wp-json\/wp\/v2\/tags?post=3544"}],"curies":[{"name":"wp","href":"https:\/\/api.w.org\/{rel}","templated":true}]}}