{"id":3547,"date":"2019-07-09T10:58:39","date_gmt":"2019-07-09T13:58:39","guid":{"rendered":"http:\/\/dgospel.com.br\/portal\/?p=3547"},"modified":"2019-07-09T10:58:41","modified_gmt":"2019-07-09T13:58:41","slug":"eduardo-gomes-destaca-que-a-universidade-federal-do-norte-do-tocantins-ja-nasce-forte","status":"publish","type":"post","link":"https:\/\/dgospel.com.br\/portal\/index.php\/2019\/07\/09\/eduardo-gomes-destaca-que-a-universidade-federal-do-norte-do-tocantins-ja-nasce-forte\/","title":{"rendered":"Eduardo Gomes destaca que a Universidade Federal do Norte do Tocantins \u201cj\u00e1 nasce forte\u201d"},"content":{"rendered":"\n<p>O\nsenador Eduardo Gomes (MDB-TO) presenciou na tarde desta segunda-feira,&nbsp;\n8, no Pal\u00e1cio do Planalto, o ato de san\u00e7\u00e3o do presidente Jair Bolsonaro \u00e0 lei\nque cria a Universidade Federal do Norte do Tocantins(UFNT), desmembrando da\nUniversidade Federal do Tocantins (UFT) os campus de Aragua\u00edna e\nTocantin\u00f3polis. Tamb\u00e9m estavam presentes os deputados federais Carlos Gaguim,\nTiago Dimas e Osires Damaso.<\/p>\n\n\n\n<p>A Lei 13.856, j\u00e1 publicada no Di\u00e1rio Oficial da Uni\u00e3o nesta\nter\u00e7a-feira, 9, determina que a mais nova universidade p\u00fablica do Brasil tem\nsede em Aragua\u00edna e que ser\u00e3o criados os campus de Xambio\u00e1 e Guara\u00ed. Pela lei\ntamb\u00e9m j\u00e1 foram criados os cargos de dire\u00e7\u00e3o, inclusive de Reitor e vice-Reitor\ne ainda um quadro de funcion\u00e1rios efetivos. Outro detalhe \u00e9 que para formar o\npatrim\u00f4nio ser\u00e3o doados pela UFT pr\u00e9dios (cuja posse atual n\u00e3o represente\nnenhum embara\u00e7o legal), mobili\u00e1rio e equipamentos, s\u00e3o transferidos\nautomaticamente os cursos e alunos j\u00e1 matriculados.<\/p>\n\n\n\n<p>Eduardo Gomes ressalta que a UFNT j\u00e1 nasce forte com mais de 20\ncursos de gradua\u00e7\u00e3o como Medicina, Medicina Veterin\u00e1ria, Zootecnia, Hist\u00f3ria,\nGeografia, Qu\u00edmica e Gest\u00e3o em Turismo, cinco cursos de especializa\u00e7\u00e3o e oito\nprogramas de p\u00f3s-gradua\u00e7\u00e3o com n\u00edvel de mestrado e doutorado. Al\u00e9m disso, a\nestrutura de Aragua\u00edna j\u00e1 conta com um Hospital Escola, Escola de Veterin\u00e1ria e\na Unidade Cimba, que dever\u00e1 ser a sede central da nova universidade. \u201d\u00c9 uma\ngrande estrutura com cursos j\u00e1 consolidados e avaliados, al\u00e9m de diversas\npesquisas e atividades que beneficiam diretamente a comunidade\u201d, aponta.<\/p>\n\n\n\n<p>Para o senador Eduardo Gomes, que foi relator da proposta na\nComiss\u00e3o de Educa\u00e7\u00e3o do Senado, o cria\u00e7\u00e3o da UFNT dar\u00e1 uma amplitude maior ao\nensino superior no Tocantins, especialmente para a regi\u00e3o do Bico do Papagaio.\n\u201cH\u00e1 poucos anos os filhos da popula\u00e7\u00e3o de cidades como Xambio\u00e1, Tocantin\u00f3polis,\nAraguatins e todas as outras do Bico tinham que ir para outras cidades, muitas\nvezes muito longe. Para n\u00f3s e para o presidente Bolsonaro \u00e9 uma grande\nsatisfa\u00e7\u00e3o ver este sonho da UFNT tornar-se realidade\u201d, enfatizou.<\/p>\n\n\n\n<p>Foi divulgado v\u00eddeo realizado durante a assinatura do ato, em\nque o presidente Jair Bolsonaro ressalta que \u00e9 a primeira universidade de seu\ngoverno e que esta ser\u00e1 \u201cuma nova forma de encarar o ensino p\u00fablico no Brasil,\nno bom sentido\u201d. Ele congratulou-se com os parlamentares tocantinenses,\ndestacando Eduardo Gomes e Carlos Gaguim, que foram colegas de plen\u00e1rio na\nC\u00e2mara dos Deputados. Bolsonaro tamb\u00e9m parabenizou o povo tocantinense e\nfinalizou dizendo que: \u201do Tocantins merece\u201d.<\/p>\n\n\n\n<h1>&nbsp;<\/h1>\n","protected":false},"excerpt":{"rendered":"<p>O senador Eduardo Gomes (MDB-TO) presenciou na tarde desta segunda-feira,&nbsp; 8, no Pal\u00e1cio do Planalto, o ato de san\u00e7\u00e3o do presidente Jair Bolsonaro \u00e0 lei que cria a Universidade Federal do Norte do Tocantins(UFNT), desmembrando da Universidade Federal do Tocantins (UFT) os campus de Aragua\u00edna e Tocantin\u00f3polis. Tamb\u00e9m estavam presentes os deputados federais Carlos Gaguim, [&hellip;]<\/p>\n","protected":false},"author":2,"featured_media":3548,"comment_status":"open","ping_status":"open","sticky":false,"template":"","format":"standard","meta":[],"categories":[4],"tags":[],"_links":{"self":[{"href":"https:\/\/dgospel.com.br\/portal\/index.php\/wp-json\/wp\/v2\/posts\/3547"}],"collection":[{"href":"https:\/\/dgospel.com.br\/portal\/index.php\/wp-json\/wp\/v2\/posts"}],"about":[{"href":"https:\/\/dgospel.com.br\/portal\/index.php\/wp-json\/wp\/v2\/types\/post"}],"author":[{"embeddable":true,"href":"https:\/\/dgospel.com.br\/portal\/index.php\/wp-json\/wp\/v2\/users\/2"}],"replies":[{"embeddable":true,"href":"https:\/\/dgospel.com.br\/portal\/index.php\/wp-json\/wp\/v2\/comments?post=3547"}],"version-history":[{"count":1,"href":"https:\/\/dgospel.com.br\/portal\/index.php\/wp-json\/wp\/v2\/posts\/3547\/revisions"}],"predecessor-version":[{"id":3549,"href":"https:\/\/dgospel.com.br\/portal\/index.php\/wp-json\/wp\/v2\/posts\/3547\/revisions\/3549"}],"wp:featuredmedia":[{"embeddable":true,"href":"https:\/\/dgospel.com.br\/portal\/index.php\/wp-json\/wp\/v2\/media\/3548"}],"wp:attachment":[{"href":"https:\/\/dgospel.com.br\/portal\/index.php\/wp-json\/wp\/v2\/media?parent=3547"}],"wp:term":[{"taxonomy":"category","embeddable":true,"href":"https:\/\/dgospel.com.br\/portal\/index.php\/wp-json\/wp\/v2\/categories?post=3547"},{"taxonomy":"post_tag","embeddable":true,"href":"https:\/\/dgospel.com.br\/portal\/index.php\/wp-json\/wp\/v2\/tags?post=3547"}],"curies":[{"name":"wp","href":"https:\/\/api.w.org\/{rel}","templated":true}]}}