{"id":3553,"date":"2019-07-10T09:44:16","date_gmt":"2019-07-10T12:44:16","guid":{"rendered":"http:\/\/dgospel.com.br\/portal\/?p=3553"},"modified":"2019-07-10T09:44:18","modified_gmt":"2019-07-10T12:44:18","slug":"governador-em-exercicio-wanderlei-barbosa-participa-de-lancamento-do-programa-nacional-de-incentivo-ao-voluntariado","status":"publish","type":"post","link":"https:\/\/dgospel.com.br\/portal\/index.php\/2019\/07\/10\/governador-em-exercicio-wanderlei-barbosa-participa-de-lancamento-do-programa-nacional-de-incentivo-ao-voluntariado\/","title":{"rendered":"Governador em exerc\u00edcio, Wanderlei Barbosa, participa de lan\u00e7amento do Programa Nacional de Incentivo ao Voluntariado"},"content":{"rendered":"\n<p>O governador em exerc\u00edcio, Wanderlei Barbosa, participou nesta ter\u00e7a-feira, 9, da cerim\u00f4nia de lan\u00e7amento do Programa Nacional de Incentivo ao Voluntariado, no Hospital da Crian\u00e7a de Bras\u00edlia Jos\u00e9 Alencar (HCB). O evento contou com a participa\u00e7\u00e3o do Presidente Jair Bolsonaro e da primeira-dama, Michelle Bolsonaro.<\/p>\n\n\n\n<p>O programa tem como objetivo estimular a participa\u00e7\u00e3o da sociedade na promo\u00e7\u00e3o de pr\u00e1ticas sustent\u00e1veis voltadas \u00e0 popula\u00e7\u00e3o mais vulner\u00e1vel e ter\u00e1 uma articula\u00e7\u00e3o para o trabalho volunt\u00e1rio envolvendo o poder p\u00fablico, organiza\u00e7\u00f5es da sociedade civil e o setor privado.<\/p>\n\n\n\n<p>Durante a programa\u00e7\u00e3o foi assinado o decreto que cria o Programa Nacional de Incentivo ao Voluntariado e a portaria de designa\u00e7\u00e3o dos membros do Conselho, presidido pela primeira-dama Michelle Bolsonaro.<\/p>\n\n\n\n<p>\u201cPromover a cultura do voluntariado multiplicando experi\u00eancias em a\u00e7\u00f5es coletivas solid\u00e1rias \u00e9 o principal objetivo do programa na busca da melhoria na vida das pessoas\u201d, disse o governador em exerc\u00edcio.<\/p>\n\n\n\n<p>Wanderlei Barbosa foi acompanhado do Presidente da Assembleia Legislativa, Ant\u00f4nio Andrade e do deputado estadual L\u00e9o Barbosa.<\/p>\n","protected":false},"excerpt":{"rendered":"<p>O governador em exerc\u00edcio, Wanderlei Barbosa, participou nesta ter\u00e7a-feira, 9, da cerim\u00f4nia de lan\u00e7amento do Programa Nacional de Incentivo ao Voluntariado, no Hospital da Crian\u00e7a de Bras\u00edlia Jos\u00e9 Alencar (HCB). O evento contou com a participa\u00e7\u00e3o do Presidente Jair Bolsonaro e da primeira-dama, Michelle Bolsonaro. O programa tem como objetivo estimular a participa\u00e7\u00e3o da sociedade [&hellip;]<\/p>\n","protected":false},"author":2,"featured_media":3554,"comment_status":"open","ping_status":"open","sticky":false,"template":"","format":"standard","meta":[],"categories":[4],"tags":[],"_links":{"self":[{"href":"https:\/\/dgospel.com.br\/portal\/index.php\/wp-json\/wp\/v2\/posts\/3553"}],"collection":[{"href":"https:\/\/dgospel.com.br\/portal\/index.php\/wp-json\/wp\/v2\/posts"}],"about":[{"href":"https:\/\/dgospel.com.br\/portal\/index.php\/wp-json\/wp\/v2\/types\/post"}],"author":[{"embeddable":true,"href":"https:\/\/dgospel.com.br\/portal\/index.php\/wp-json\/wp\/v2\/users\/2"}],"replies":[{"embeddable":true,"href":"https:\/\/dgospel.com.br\/portal\/index.php\/wp-json\/wp\/v2\/comments?post=3553"}],"version-history":[{"count":1,"href":"https:\/\/dgospel.com.br\/portal\/index.php\/wp-json\/wp\/v2\/posts\/3553\/revisions"}],"predecessor-version":[{"id":3555,"href":"https:\/\/dgospel.com.br\/portal\/index.php\/wp-json\/wp\/v2\/posts\/3553\/revisions\/3555"}],"wp:featuredmedia":[{"embeddable":true,"href":"https:\/\/dgospel.com.br\/portal\/index.php\/wp-json\/wp\/v2\/media\/3554"}],"wp:attachment":[{"href":"https:\/\/dgospel.com.br\/portal\/index.php\/wp-json\/wp\/v2\/media?parent=3553"}],"wp:term":[{"taxonomy":"category","embeddable":true,"href":"https:\/\/dgospel.com.br\/portal\/index.php\/wp-json\/wp\/v2\/categories?post=3553"},{"taxonomy":"post_tag","embeddable":true,"href":"https:\/\/dgospel.com.br\/portal\/index.php\/wp-json\/wp\/v2\/tags?post=3553"}],"curies":[{"name":"wp","href":"https:\/\/api.w.org\/{rel}","templated":true}]}}