{"id":3563,"date":"2019-07-13T12:41:58","date_gmt":"2019-07-13T15:41:58","guid":{"rendered":"http:\/\/dgospel.com.br\/portal\/?p=3563"},"modified":"2019-07-13T12:42:00","modified_gmt":"2019-07-13T15:42:00","slug":"prefeita-cinthia-ribeiro-apresenta-nova-gestora-da-educacao-do-municipio","status":"publish","type":"post","link":"https:\/\/dgospel.com.br\/portal\/index.php\/2019\/07\/13\/prefeita-cinthia-ribeiro-apresenta-nova-gestora-da-educacao-do-municipio\/","title":{"rendered":"Prefeita Cinthia Ribeiro apresenta nova gestora da Educa\u00e7\u00e3o do munic\u00edpio"},"content":{"rendered":"\n<p>A Prefeita Cinthia Ribeiro esteve na Secretaria Municipal da Educa\u00e7\u00e3o (Semed) na tarde da \u00faltima sexta-feira, 12, apresentando aos servidores da Educa\u00e7\u00e3o a pedagoga especialista em Psicopedagogia e em Gest\u00e3o Escolar, Cleizenir Divina dos Santos, nova gestora da pasta.<\/p>\n\n\n\n<p>A gestora recebeu as boas-vindas de toda a equipe da Semed, onde refor\u00e7ou o comprometimento que tem com a Educa\u00e7\u00e3o de Palmas e do Estado h\u00e1 mais de 20 anos.<\/p>\n\n\n\n<p>Santos falou do ritmo de trabalho da prefeita \u00e0 frente da gest\u00e3o e destacou a excel\u00eancia dos resultados alcan\u00e7ados na educa\u00e7\u00e3o, onde o maior beneficiado \u00e9 a popula\u00e7\u00e3o palmense, por meio de uma educa\u00e7\u00e3o inclusiva, com equidade e humanizada.<\/p>\n\n\n\n<p>Cinthia Ribeiro mostrou-se satisfeita com os \u00edndices de crescimento da educa\u00e7\u00e3o do munic\u00edpio, por meio dos projetos, avalia\u00e7\u00f5es e comprometimento de todos os servidores da Rede Municipal de Palmas e refor\u00e7ou: \u201cEste ano \u00e9 tempo de avan\u00e7ar ainda mais. Tenho certeza que estou diante da melhor equipe da Educa\u00e7\u00e3o do Pa\u00eds\u201d, disse a prefeita.<\/p>\n\n\n\n<p>Cinthia ainda refor\u00e7ou a transforma\u00e7\u00e3o na vida das pessoas. \u201cO resultado da educa\u00e7\u00e3o \u00e9 a soma dos esfor\u00e7os de homens e mulheres comprometidas com avan\u00e7os e a evolu\u00e7\u00e3o de pol\u00edticas de Estado, n\u00e3o s\u00f3 de governo. Atendemos mais de 41 mil crian\u00e7as na Rede e o nosso objetivo \u00e9 crescer em obras, atendimentos e educa\u00e7\u00e3o de qualidade\u201d, finalizou.<\/p>\n\n\n\n<p><strong>A gestora<\/strong><\/p>\n\n\n\n<p>Cleizenir Divina dos Santos \u00e9 natural de Rubiataba (GO), formada em Pedagogia com especializa\u00e7\u00e3o em Psicopedagogia e em Gest\u00e3o Escolar.<\/p>\n\n\n\n<p>\n\n\u00c9 servidora efetiva, no cargo de professor da Educa\u00e7\u00e3o B\u00e1sica do Estado do Tocantins, desde 21 de agosto de 2003, e j\u00e1 atuou nas s\u00e9ries iniciais e finais na Educa\u00e7\u00e3o do Estado, na dire\u00e7\u00e3o de unidade de ensino, na coordena\u00e7\u00e3o pedag\u00f3gica e na coordena\u00e7\u00e3o de apoio.\n\n<\/p>\n","protected":false},"excerpt":{"rendered":"<p>A Prefeita Cinthia Ribeiro esteve na Secretaria Municipal da Educa\u00e7\u00e3o (Semed) na tarde da \u00faltima sexta-feira, 12, apresentando aos servidores da Educa\u00e7\u00e3o a pedagoga especialista em Psicopedagogia e em Gest\u00e3o Escolar, Cleizenir Divina dos Santos, nova gestora da pasta. A gestora recebeu as boas-vindas de toda a equipe da Semed, onde refor\u00e7ou o comprometimento que [&hellip;]<\/p>\n","protected":false},"author":2,"featured_media":3564,"comment_status":"open","ping_status":"open","sticky":false,"template":"","format":"standard","meta":[],"categories":[4],"tags":[],"_links":{"self":[{"href":"https:\/\/dgospel.com.br\/portal\/index.php\/wp-json\/wp\/v2\/posts\/3563"}],"collection":[{"href":"https:\/\/dgospel.com.br\/portal\/index.php\/wp-json\/wp\/v2\/posts"}],"about":[{"href":"https:\/\/dgospel.com.br\/portal\/index.php\/wp-json\/wp\/v2\/types\/post"}],"author":[{"embeddable":true,"href":"https:\/\/dgospel.com.br\/portal\/index.php\/wp-json\/wp\/v2\/users\/2"}],"replies":[{"embeddable":true,"href":"https:\/\/dgospel.com.br\/portal\/index.php\/wp-json\/wp\/v2\/comments?post=3563"}],"version-history":[{"count":1,"href":"https:\/\/dgospel.com.br\/portal\/index.php\/wp-json\/wp\/v2\/posts\/3563\/revisions"}],"predecessor-version":[{"id":3565,"href":"https:\/\/dgospel.com.br\/portal\/index.php\/wp-json\/wp\/v2\/posts\/3563\/revisions\/3565"}],"wp:featuredmedia":[{"embeddable":true,"href":"https:\/\/dgospel.com.br\/portal\/index.php\/wp-json\/wp\/v2\/media\/3564"}],"wp:attachment":[{"href":"https:\/\/dgospel.com.br\/portal\/index.php\/wp-json\/wp\/v2\/media?parent=3563"}],"wp:term":[{"taxonomy":"category","embeddable":true,"href":"https:\/\/dgospel.com.br\/portal\/index.php\/wp-json\/wp\/v2\/categories?post=3563"},{"taxonomy":"post_tag","embeddable":true,"href":"https:\/\/dgospel.com.br\/portal\/index.php\/wp-json\/wp\/v2\/tags?post=3563"}],"curies":[{"name":"wp","href":"https:\/\/api.w.org\/{rel}","templated":true}]}}