{"id":3566,"date":"2019-07-13T12:52:05","date_gmt":"2019-07-13T15:52:05","guid":{"rendered":"http:\/\/dgospel.com.br\/portal\/?p=3566"},"modified":"2019-07-13T12:52:06","modified_gmt":"2019-07-13T15:52:06","slug":"governador-em-exercicio-se-reune-com-liderancas-de-bairros-da-capital-para-discutir-regularizacao-fundiaria","status":"publish","type":"post","link":"https:\/\/dgospel.com.br\/portal\/index.php\/2019\/07\/13\/governador-em-exercicio-se-reune-com-liderancas-de-bairros-da-capital-para-discutir-regularizacao-fundiaria\/","title":{"rendered":"Governador em exerc\u00edcio se re\u00fane com lideran\u00e7as de bairros da Capital para discutir regulariza\u00e7\u00e3o fundi\u00e1ria"},"content":{"rendered":"\n<p>O Governador em exerc\u00edcio do Estado do Tocantins, Wanderlei Barbosa, acompanhado do presidente da Companhia Imobili\u00e1ria do Tocantins (Terratins), Aleandro Lacerda e da deputada estadual Vanda Monteiro, debateu nesta sexta-feira, 12, no Pal\u00e1cio Araguaia, a quest\u00e3o da regulariza\u00e7\u00e3o fundi\u00e1ria de \u00e1reas da Capital com lideran\u00e7as dos setores Lago Norte, Uni\u00e3o Sul, Taquaru\u00e7u e Irm\u00e3o Dulce.<\/p>\n\n\n\n<p>O evento teve in\u00edcio com uma apresenta\u00e7\u00e3o do presidente da Terratins sobre as a\u00e7\u00f5es da Regulariza\u00e7\u00e3o Fundi\u00e1ria Urbana (Reurb). &#8220;Com a Lei do Reurb n\u00b0 13.465\/17, o munic\u00edpio de Palmas j\u00e1 editou os decretos dos setores que se encontram em fase avan\u00e7ada de regulariza\u00e7\u00e3o. Nessa&nbsp; oportunidade com os presidentes de bairros destacamos que o Governo do Estado sabe da import\u00e2ncia em ser parceiro desse processo, a exemplo do que j\u00e1 foi realizado no do Setor Taquari e Uni\u00e3o Sul. Entendemos que com a nova legisla\u00e7\u00e3o que nos respalda de forma&nbsp; jur\u00eddica, urban\u00edstica, ambiental e social&nbsp; temos os instrumentos necess\u00e1rios para o sucesso das a\u00e7\u00f5es de regulariza\u00e7\u00e3o fundi\u00e1ria na capital&#8221;, disse.<\/p>\n\n\n\n<p>J\u00e1 o Governador em exerc\u00edcio, destacou a import\u00e2ncia da regulariza\u00e7\u00e3o fundi\u00e1ria para o desenvolvimento da Capital. \u201cColoco o Governo do Estado \u00e0 disposi\u00e7\u00e3o para buscarmos um caminho de resolver os impasses sobre a regulariza\u00e7\u00e3o na Capital. Precisamos de objetividade nessa quest\u00e3o\u201d, afirmou.<\/p>\n\n\n\n<p>Wanderlei Barbosa pontuou ainda que a regulariza\u00e7\u00e3o fundi\u00e1ria ajuda a mudar para melhor a est\u00e9tica da cidade, j\u00e1 que com ela, as pessoas conseguem ter acesso a empr\u00e9stimos banc\u00e1rios para fazer reformas em seus im\u00f3veis.<\/p>\n\n\n\n<p>Presente na reuni\u00e3o, a vereadora Vanda Monteiro destacou o empenho do Governo em buscar resolver o impasse para regulariza\u00e7\u00e3o de \u00e1reas da Capital e disse, que ap\u00f3s esse processo, emendas parlamentares podem ser destinadas aos setores para garantir melhor infraestrutura.<\/p>\n\n\n\n<p>De acordo com o presidente da Associa\u00e7\u00e3o Uni\u00e3o Sul, Wesley Maia, a reuni\u00e3o teve um car\u00e1ter propositivo e demonstrou compromisso do Governo em resolver a quest\u00e3o. \u201cEssa reuni\u00e3o \u00e9 bastante importante para definir de quem s\u00e3o as obriga\u00e7\u00f5es de regularizar. O setor Uni\u00e3o Sul est\u00e1 em processo h\u00e1 muito tempo e o Estado abra\u00e7ando essa causa, vai ser um grande avan\u00e7o para a gente\u201d, concluiu.<\/p>\n\n\n\n<p>Estiveram presentes na reuni\u00e3o tamb\u00e9m o secret\u00e1rio de Estado da Comunica\u00e7\u00e3o, Vieira de Melo e o assessor da Governadoria Clayzer Duarte (Nego).<\/p>\n\n\n\n<p><strong>Entrega de T\u00edtulos<\/strong><\/p>\n\n\n\n<p>Durante a reuni\u00e3o, o Governador em exerc\u00edcio Wanderlei Barbosa, anunciou que 872 t\u00edtulos registrados ser\u00e3o entregues pelo Governo do Estado a moradores da Capital na pr\u00f3xima semana.<\/p>\n\n\n\n<p>Na ter\u00e7a-feira, 16, recebem os moradores da regi\u00e3o norte de Palmas. S\u00e3o eles: Arno 31, Arno 32, Arno 33, Arno 41, Arno 43, Arno 44, Arno 61, Arno 71, Arno 72 e Arno 73.<\/p>\n\n\n\n<p>J\u00e1 na quinta-feira, 18, \u00e9 a vez dos moradores da regi\u00e3o sul de Palmas. S\u00e3o eles: Arse 112, Arse 122 e Arse 132; Jardim Taquari T20, T21, T22, T30, T31, T32; Aureny I, II, III, IV.<\/p>\n","protected":false},"excerpt":{"rendered":"<p>O Governador em exerc\u00edcio do Estado do Tocantins, Wanderlei Barbosa, acompanhado do presidente da Companhia Imobili\u00e1ria do Tocantins (Terratins), Aleandro Lacerda e da deputada estadual Vanda Monteiro, debateu nesta sexta-feira, 12, no Pal\u00e1cio Araguaia, a quest\u00e3o da regulariza\u00e7\u00e3o fundi\u00e1ria de \u00e1reas da Capital com lideran\u00e7as dos setores Lago Norte, Uni\u00e3o Sul, Taquaru\u00e7u e Irm\u00e3o Dulce. [&hellip;]<\/p>\n","protected":false},"author":2,"featured_media":3567,"comment_status":"open","ping_status":"open","sticky":false,"template":"","format":"standard","meta":[],"categories":[4],"tags":[],"_links":{"self":[{"href":"https:\/\/dgospel.com.br\/portal\/index.php\/wp-json\/wp\/v2\/posts\/3566"}],"collection":[{"href":"https:\/\/dgospel.com.br\/portal\/index.php\/wp-json\/wp\/v2\/posts"}],"about":[{"href":"https:\/\/dgospel.com.br\/portal\/index.php\/wp-json\/wp\/v2\/types\/post"}],"author":[{"embeddable":true,"href":"https:\/\/dgospel.com.br\/portal\/index.php\/wp-json\/wp\/v2\/users\/2"}],"replies":[{"embeddable":true,"href":"https:\/\/dgospel.com.br\/portal\/index.php\/wp-json\/wp\/v2\/comments?post=3566"}],"version-history":[{"count":1,"href":"https:\/\/dgospel.com.br\/portal\/index.php\/wp-json\/wp\/v2\/posts\/3566\/revisions"}],"predecessor-version":[{"id":3568,"href":"https:\/\/dgospel.com.br\/portal\/index.php\/wp-json\/wp\/v2\/posts\/3566\/revisions\/3568"}],"wp:featuredmedia":[{"embeddable":true,"href":"https:\/\/dgospel.com.br\/portal\/index.php\/wp-json\/wp\/v2\/media\/3567"}],"wp:attachment":[{"href":"https:\/\/dgospel.com.br\/portal\/index.php\/wp-json\/wp\/v2\/media?parent=3566"}],"wp:term":[{"taxonomy":"category","embeddable":true,"href":"https:\/\/dgospel.com.br\/portal\/index.php\/wp-json\/wp\/v2\/categories?post=3566"},{"taxonomy":"post_tag","embeddable":true,"href":"https:\/\/dgospel.com.br\/portal\/index.php\/wp-json\/wp\/v2\/tags?post=3566"}],"curies":[{"name":"wp","href":"https:\/\/api.w.org\/{rel}","templated":true}]}}