{"id":3569,"date":"2019-07-13T12:56:04","date_gmt":"2019-07-13T15:56:04","guid":{"rendered":"http:\/\/dgospel.com.br\/portal\/?p=3569"},"modified":"2019-07-13T12:56:05","modified_gmt":"2019-07-13T15:56:05","slug":"pastor-pode-ser-primeiro-evangelico-indicado-por-bolsonaro-ao-stf","status":"publish","type":"post","link":"https:\/\/dgospel.com.br\/portal\/index.php\/2019\/07\/13\/pastor-pode-ser-primeiro-evangelico-indicado-por-bolsonaro-ao-stf\/","title":{"rendered":"Pastor pode ser primeiro evang\u00e9lico indicado por Bolsonaro ao STF"},"content":{"rendered":"\n<p>O presidente Jair Bolsonaro disse nesta quinta-feira&nbsp;(11) que o advogado-geral da Uni\u00e3o, Andr\u00e9 Luiz Mendon\u00e7a, est\u00e1 entre os &#8220;bons nomes&#8221; que ele considera para indicar ao Supremo Tribunal Federal (STF).<\/p>\n\n\n\n<p>Ap\u00f3s dizer que indicar\u00e1 um ministro evang\u00e9lico para a corte, em\u00a0<strong><a href=\"https:\/\/guiame.com.br\/gospel\/noticias\/em-culto-bolsonaro-diz-que-vai-indicar-ministro-terrivelmente-evangelico-para-o-stf.html\">culto realizado na C\u00e2mara dos Deputados<\/a><\/strong>\u00a0na quarta-feira (10), a o nome de Mendon\u00e7a passou a ser ventilado na imprensa.<\/p>\n\n\n\n<p>O presidente disse que \u201ceu sei que ele \u00e9&nbsp;<strong><a href=\"https:\/\/guiame.com.br\/gospel\/noticias\/acabou-doutrinacao-ideologica-de-criancas-e-adolescentes-diz-damares-em-posse.html\">terrivelmente evang\u00e9lico<\/a><\/strong>. Temos muito bons nomes para o STF, e o Andr\u00e9 Luiz \u00e9 um nome que, com toda certeza, est\u00e1 entre uma lista a\u00ed com muito apoio por parte do presidente&#8221;.<\/p>\n\n\n\n<p>A nomea\u00e7\u00e3o de Andr\u00e9 Mendon\u00e7a para ministro da AGU foi feita pelo presidente em seu Twitter: \u201cInformo a todos que a Advocacia Geral da Uni\u00e3o ser\u00e1 liderada pelo senhor Andr\u00e9 Luiz de Almeida Mendon\u00e7a, advogado com ampla viv\u00eancia e experi\u00eancia no setor\u201d.<\/p>\n\n\n\n<p>Segundo Mendon\u00e7a, que \u00e9 pastor presbiteriano, a not\u00edcia de sua ida \u00e0 chefia da AGU foi uma surpresa e aconteceu ap\u00f3s reuni\u00e3o com Bolsonaro.<\/p>\n\n\n\n<p>No m\u00eas passado, ao criticar a decis\u00e3o do STF de criminalizar a homofobia como forma de racismo, Bolsonaro j\u00e1 havia sugerido a indica\u00e7\u00e3o de um evang\u00e9lico para a Corte.<\/p>\n\n\n\n<p>At\u00e9 2022, o presidente da Rep\u00fablica poder\u00e1 indicar nomes para pelo menos duas vagas, que ser\u00e3o abertas com a aposentadoria compuls\u00f3ria dos ministros Marco Aur\u00e9lio e Celso de Mello. Al\u00e9m de evang\u00e9lico, Bolsonaro disse que o indicado ser\u00e1 tecnicamente qualificado para o posto.<\/p>\n\n\n\n<p>&#8220;Com toda certeza, esse terrivelmente evang\u00e9lico vai ser tamb\u00e9m um profundo conhecedor da legisla\u00e7\u00e3o e um jurista renomado&#8221;, acrescentou.<\/p>\n\n\n\n<p> FONTE: GUIAME, COM INFORMA\u00c7\u00d5ES DA EBC <\/p>\n","protected":false},"excerpt":{"rendered":"<p>O presidente Jair Bolsonaro disse nesta quinta-feira&nbsp;(11) que o advogado-geral da Uni\u00e3o, Andr\u00e9 Luiz Mendon\u00e7a, est\u00e1 entre os &#8220;bons nomes&#8221; que ele considera para indicar ao Supremo Tribunal Federal (STF). Ap\u00f3s dizer que indicar\u00e1 um ministro evang\u00e9lico para a corte, em\u00a0culto realizado na C\u00e2mara dos Deputados\u00a0na quarta-feira (10), a o nome de Mendon\u00e7a passou a [&hellip;]<\/p>\n","protected":false},"author":2,"featured_media":3570,"comment_status":"open","ping_status":"open","sticky":false,"template":"","format":"standard","meta":[],"categories":[6,4],"tags":[],"_links":{"self":[{"href":"https:\/\/dgospel.com.br\/portal\/index.php\/wp-json\/wp\/v2\/posts\/3569"}],"collection":[{"href":"https:\/\/dgospel.com.br\/portal\/index.php\/wp-json\/wp\/v2\/posts"}],"about":[{"href":"https:\/\/dgospel.com.br\/portal\/index.php\/wp-json\/wp\/v2\/types\/post"}],"author":[{"embeddable":true,"href":"https:\/\/dgospel.com.br\/portal\/index.php\/wp-json\/wp\/v2\/users\/2"}],"replies":[{"embeddable":true,"href":"https:\/\/dgospel.com.br\/portal\/index.php\/wp-json\/wp\/v2\/comments?post=3569"}],"version-history":[{"count":1,"href":"https:\/\/dgospel.com.br\/portal\/index.php\/wp-json\/wp\/v2\/posts\/3569\/revisions"}],"predecessor-version":[{"id":3571,"href":"https:\/\/dgospel.com.br\/portal\/index.php\/wp-json\/wp\/v2\/posts\/3569\/revisions\/3571"}],"wp:featuredmedia":[{"embeddable":true,"href":"https:\/\/dgospel.com.br\/portal\/index.php\/wp-json\/wp\/v2\/media\/3570"}],"wp:attachment":[{"href":"https:\/\/dgospel.com.br\/portal\/index.php\/wp-json\/wp\/v2\/media?parent=3569"}],"wp:term":[{"taxonomy":"category","embeddable":true,"href":"https:\/\/dgospel.com.br\/portal\/index.php\/wp-json\/wp\/v2\/categories?post=3569"},{"taxonomy":"post_tag","embeddable":true,"href":"https:\/\/dgospel.com.br\/portal\/index.php\/wp-json\/wp\/v2\/tags?post=3569"}],"curies":[{"name":"wp","href":"https:\/\/api.w.org\/{rel}","templated":true}]}}