{"id":357,"date":"2018-05-26T10:21:04","date_gmt":"2018-05-26T13:21:04","guid":{"rendered":"http:\/\/dgospel.com.br\/portal\/?p=357"},"modified":"2018-05-26T10:30:26","modified_gmt":"2018-05-26T13:30:26","slug":"carlesse-reune-multidao-na-maior-caminhada-da-campanha-em-araguaina","status":"publish","type":"post","link":"https:\/\/dgospel.com.br\/portal\/index.php\/2018\/05\/26\/carlesse-reune-multidao-na-maior-caminhada-da-campanha-em-araguaina\/","title":{"rendered":"Vicentinho diz que pretende pagar o servidor do estado no dia primeiro de cada m\u00eas"},"content":{"rendered":"<div>O candidato a governador pela coliga\u00e7\u00e3o A vez dos tocantinenses, Vicentinho Alves,\u00a0 se comprometeu durante reuni\u00e3o com empres\u00e1rios na Associa\u00e7\u00e3o Comercial e Industrial de Palmas (Acipa) nesta sexta-feira, 25, a &#8220;trazer a folha de pagamento do estado, na medida do poss\u00edvel, para o dia primeiro de cada m\u00eas&#8221;.<\/div>\n<div><\/div>\n<div>Com essa medida, Vicentinho estar\u00e1 atendendo a um anseio dos servidores estaduais, fortalecendo a economia e facilitando aos empres\u00e1rios pagar seus impostos em dia.<\/div>\n<div><\/div>\n<div>Vicentinho participou do evento promovido pela Acipa denominado &#8220;Bate-papo empresarial &#8211; construindo o futuro&#8221;, que ouviu todos os candidatos a governador nas elei\u00e7\u00f5es suplementares marcadas para o dia 3 de junho.<\/div>\n<div><\/div>\n<div>Na ocasi\u00e3o, ele disse que vai atender o pleito do empresariado e extinguir a cobran\u00e7a do ICMS complementar, que \u00e9 aplicado apenas no Tocantins e no Rio Grande do Norte. Vicentinho disse tamb\u00e9m que, respeitando os limites da Lei de Responsabilidade Fiscal (LRF), pretende conceder incentivos para fortaleceras empresas que atuam no estado e atrair novos investidores.<\/div>\n<div><\/div>\n<div>Vicentinho recebeu com interesse algumas sugest\u00f5es dos empres\u00e1rios, como a implanta\u00e7\u00e3o de uma cadeira de educa\u00e7\u00e3o empresarial nas escolas de segundo grau, em parceria com o\u00a0 Sebrae, e rever o vi\u00e9s arrecadador implantado hoje no Procon estadual.<\/div>\n<div><\/div>\n<div>O candidato informou aos empres\u00e1rios que vai descentralizar e desburocratizar os servi\u00e7os prestados pelo estado, implantando inicialmente centrais de atendimento ao cidad\u00e3o em Aragua\u00edna e Gurupi, para atender as demandas do Norte e do Sul do estado.<\/div>\n","protected":false},"excerpt":{"rendered":"<p>O candidato a governador pela coliga\u00e7\u00e3o A vez dos tocantinenses, Vicentinho Alves,\u00a0 se comprometeu durante reuni\u00e3o com empres\u00e1rios na Associa\u00e7\u00e3o Comercial e Industrial de Palmas (Acipa) nesta sexta-feira, 25, a &#8220;trazer a folha de pagamento do estado, na medida do poss\u00edvel, para o dia primeiro de cada m\u00eas&#8221;. Com essa medida, Vicentinho estar\u00e1 atendendo a [&hellip;]<\/p>\n","protected":false},"author":2,"featured_media":361,"comment_status":"open","ping_status":"open","sticky":false,"template":"","format":"standard","meta":[],"categories":[2,4],"tags":[],"_links":{"self":[{"href":"https:\/\/dgospel.com.br\/portal\/index.php\/wp-json\/wp\/v2\/posts\/357"}],"collection":[{"href":"https:\/\/dgospel.com.br\/portal\/index.php\/wp-json\/wp\/v2\/posts"}],"about":[{"href":"https:\/\/dgospel.com.br\/portal\/index.php\/wp-json\/wp\/v2\/types\/post"}],"author":[{"embeddable":true,"href":"https:\/\/dgospel.com.br\/portal\/index.php\/wp-json\/wp\/v2\/users\/2"}],"replies":[{"embeddable":true,"href":"https:\/\/dgospel.com.br\/portal\/index.php\/wp-json\/wp\/v2\/comments?post=357"}],"version-history":[{"count":3,"href":"https:\/\/dgospel.com.br\/portal\/index.php\/wp-json\/wp\/v2\/posts\/357\/revisions"}],"predecessor-version":[{"id":362,"href":"https:\/\/dgospel.com.br\/portal\/index.php\/wp-json\/wp\/v2\/posts\/357\/revisions\/362"}],"wp:featuredmedia":[{"embeddable":true,"href":"https:\/\/dgospel.com.br\/portal\/index.php\/wp-json\/wp\/v2\/media\/361"}],"wp:attachment":[{"href":"https:\/\/dgospel.com.br\/portal\/index.php\/wp-json\/wp\/v2\/media?parent=357"}],"wp:term":[{"taxonomy":"category","embeddable":true,"href":"https:\/\/dgospel.com.br\/portal\/index.php\/wp-json\/wp\/v2\/categories?post=357"},{"taxonomy":"post_tag","embeddable":true,"href":"https:\/\/dgospel.com.br\/portal\/index.php\/wp-json\/wp\/v2\/tags?post=357"}],"curies":[{"name":"wp","href":"https:\/\/api.w.org\/{rel}","templated":true}]}}