{"id":3578,"date":"2019-07-16T09:52:45","date_gmt":"2019-07-16T12:52:45","guid":{"rendered":"http:\/\/dgospel.com.br\/portal\/?p=3578"},"modified":"2019-07-16T09:52:46","modified_gmt":"2019-07-16T12:52:46","slug":"eduardo-gomes-assume-chefia-da-secretaria-de-estado-da-governadoria","status":"publish","type":"post","link":"https:\/\/dgospel.com.br\/portal\/index.php\/2019\/07\/16\/eduardo-gomes-assume-chefia-da-secretaria-de-estado-da-governadoria\/","title":{"rendered":"Eduardo Gomes assume chefia da Secretaria de Estado da Governadoria"},"content":{"rendered":"\n<p>O Di\u00e1rio Oficial do Estado do Tocantins desta segunda-feira, 15, traz a nomea\u00e7\u00e3o do senador Eduardo Gomes no cargo de secret\u00e1rio de Estado da Governadoria. O ato foi assinado pelo governador em exerc\u00edcio Wanderlei Barbosa. O ex-governador Siqueira Campos, primeiro suplente de Eduardo Gomes, ir\u00e1 assumir a vaga no Senado Federal.<\/p>\n\n\n\n<p>A atual secret\u00e1ria, Juliana Passarin, assumir\u00e1 o cargo de secret\u00e1ria Executiva na mesma pasta, com nomea\u00e7\u00e3o tamb\u00e9m nesta segunda-feira.<\/p>\n\n\n\n<p>Segundo Wanderlei Barbosa, o nome de Eduardo \u00e9 de peso, e dar\u00e1 uma boa din\u00e2mica ao Governo por sua liga\u00e7\u00e3o com Bras\u00edlia (DF). \u201cEle ser\u00e1 um assessor importante, principalmente, por sua liga\u00e7\u00e3o com Bras\u00edlia, de estar representando o Governo, buscando recursos, discutindo a reforma da Previd\u00eancia, sendo o interlocutor tamb\u00e9m do Governo junto \u00e0 bancada federal\u201d, afirmou o governador em exerc\u00edcio.<\/p>\n\n\n\n<p>Durante o discurso de despedida na sess\u00e3o do Senado desta segunda-feira, o futuro secret\u00e1rio destacou a importante trajet\u00f3ria de luta pol\u00edtica do ex-governador Siqueira Campos para a cria\u00e7\u00e3o do Estado do Tocantins. Siqueira Campos assume a vaga no Senado nesta ter\u00e7a-feira, 16. V\u00e1rios senadores teceram elogios \u00e0 habilidade pol\u00edtica de Eduardo Gomes o que refor\u00e7a o bom tr\u00e2nsito do novo secret\u00e1rio de Governo em Bras\u00edlia.<\/p>\n\n\n\n<p><strong>Biografia<\/strong><\/p>\n\n\n\n<p>Carlos Eduardo Torres Gomes nasceu em 1966 na cidade de Est\u00e2ncia (SE) e atuou no Tocantins como empres\u00e1rio antes de entrar na pol\u00edtica. Ele come\u00e7ou ocupando as secretarias de Educa\u00e7\u00e3o e Cultura em Xambio\u00e1 em 1986. Chegou a Palmas em 1989, no ano de funda\u00e7\u00e3o da capital. Eduardo Gomes tamb\u00e9m j\u00e1 exerceu dois mandatos como vereador de Palmas e como deputado federal por tr\u00eas mandatos.<\/p>\n","protected":false},"excerpt":{"rendered":"<p>O Di\u00e1rio Oficial do Estado do Tocantins desta segunda-feira, 15, traz a nomea\u00e7\u00e3o do senador Eduardo Gomes no cargo de secret\u00e1rio de Estado da Governadoria. O ato foi assinado pelo governador em exerc\u00edcio Wanderlei Barbosa. O ex-governador Siqueira Campos, primeiro suplente de Eduardo Gomes, ir\u00e1 assumir a vaga no Senado Federal. A atual secret\u00e1ria, Juliana [&hellip;]<\/p>\n","protected":false},"author":2,"featured_media":3579,"comment_status":"open","ping_status":"open","sticky":false,"template":"","format":"standard","meta":[],"categories":[4],"tags":[],"_links":{"self":[{"href":"https:\/\/dgospel.com.br\/portal\/index.php\/wp-json\/wp\/v2\/posts\/3578"}],"collection":[{"href":"https:\/\/dgospel.com.br\/portal\/index.php\/wp-json\/wp\/v2\/posts"}],"about":[{"href":"https:\/\/dgospel.com.br\/portal\/index.php\/wp-json\/wp\/v2\/types\/post"}],"author":[{"embeddable":true,"href":"https:\/\/dgospel.com.br\/portal\/index.php\/wp-json\/wp\/v2\/users\/2"}],"replies":[{"embeddable":true,"href":"https:\/\/dgospel.com.br\/portal\/index.php\/wp-json\/wp\/v2\/comments?post=3578"}],"version-history":[{"count":1,"href":"https:\/\/dgospel.com.br\/portal\/index.php\/wp-json\/wp\/v2\/posts\/3578\/revisions"}],"predecessor-version":[{"id":3580,"href":"https:\/\/dgospel.com.br\/portal\/index.php\/wp-json\/wp\/v2\/posts\/3578\/revisions\/3580"}],"wp:featuredmedia":[{"embeddable":true,"href":"https:\/\/dgospel.com.br\/portal\/index.php\/wp-json\/wp\/v2\/media\/3579"}],"wp:attachment":[{"href":"https:\/\/dgospel.com.br\/portal\/index.php\/wp-json\/wp\/v2\/media?parent=3578"}],"wp:term":[{"taxonomy":"category","embeddable":true,"href":"https:\/\/dgospel.com.br\/portal\/index.php\/wp-json\/wp\/v2\/categories?post=3578"},{"taxonomy":"post_tag","embeddable":true,"href":"https:\/\/dgospel.com.br\/portal\/index.php\/wp-json\/wp\/v2\/tags?post=3578"}],"curies":[{"name":"wp","href":"https:\/\/api.w.org\/{rel}","templated":true}]}}