{"id":3587,"date":"2019-07-16T17:23:16","date_gmt":"2019-07-16T20:23:16","guid":{"rendered":"http:\/\/dgospel.com.br\/portal\/?p=3587"},"modified":"2019-07-16T17:23:21","modified_gmt":"2019-07-16T20:23:21","slug":"muitos-brasileiros-sonharam-ousar-mas-um-homem-corajoso-realizou-diz-prefeita-em-homenagem-a-siqueira-em-sua-posse-no-senado","status":"publish","type":"post","link":"https:\/\/dgospel.com.br\/portal\/index.php\/2019\/07\/16\/muitos-brasileiros-sonharam-ousar-mas-um-homem-corajoso-realizou-diz-prefeita-em-homenagem-a-siqueira-em-sua-posse-no-senado\/","title":{"rendered":"&#8220;Muitos brasileiros sonharam ousar, mas um homem corajoso realizou&#8221;, diz prefeita em homenagem a Siqueira em sua posse no Senado"},"content":{"rendered":"\n<p>Em pronunciamento na sess\u00e3o da posse no Senado do ex-governador Jos\u00e9 Wilson Siqueira Campos, a prefeita de Palmas, Cinthia Ribeiro, ressaltou a import\u00e2ncia do pol\u00edtico para a hist\u00f3ria do estado do Tocantins e do Brasil. \u201cEste \u00e9 um momento que marca o cora\u00e7\u00e3o de todos os tocantinenses, do povo brasileiro e a todos que escolheram a jovem capital Palmas, sua filha ca\u00e7ula, governador [Siqueira Campos], para ali plantar seus sonhos e viver a realidades\u201d, disse. \u201cMuitos brasileiros sonharam ousar, mas um homem corajoso chamado Jos\u00e9 Wilson Siqueira Campos, realizou\u201d, complementou.<\/p>\n\n\n\n<p>Como suplente do senador Eduardo Gomes, Siqueira Campos assumiu o mandato na manh\u00e3 desta ter\u00e7a-feira, 16, em cerim\u00f4nia presidida pelo presidente da Casa, Davi Alcolumbre. A prefeita de Palmas fez quest\u00e3o de ressaltar o que classificou de gesto de nobreza de Eduardo Gomes, que se licencia do cargo para homenagear Siqueira Campos. \u201cEstou feliz e emocionada pelo gesto de nobreza do senador Eduardo Gomes. Estou orgulhosa por presenciar este lindo gesto. \u00c9 o reconhecimento p\u00fablico a um homem como Siqueira Campos\u201d. Eduardo Gomes ir\u00e1, no per\u00edodo do mandato de Siqueira, ocupar o cargo de secret\u00e1rio de Estado da Governadoria no Executivo estadual.<\/p>\n\n\n\n<p>Ainda em sua fala, Cinthia Ribeiro lembrou o perfil de lideran\u00e7a de Siqueira Campos. \u201cNesta Casa lembro-me do senador Jo\u00e3o Ribeiro, que dizia: Viemos todos da mesma escola. Hoje tenho o orgulho de estar aqui no momento em que administro os destinos da capital tocantinense. O saudoso senador Jo\u00e3o Ribeiro sempre dizia: \u201cA vida \u00e9 feita de gestos e os gestos devem ser feitos em vida\u201d, finalizou.<\/p>\n","protected":false},"excerpt":{"rendered":"<p>Em pronunciamento na sess\u00e3o da posse no Senado do ex-governador Jos\u00e9 Wilson Siqueira Campos, a prefeita de Palmas, Cinthia Ribeiro, ressaltou a import\u00e2ncia do pol\u00edtico para a hist\u00f3ria do estado do Tocantins e do Brasil. \u201cEste \u00e9 um momento que marca o cora\u00e7\u00e3o de todos os tocantinenses, do povo brasileiro e a todos que escolheram [&hellip;]<\/p>\n","protected":false},"author":2,"featured_media":3588,"comment_status":"open","ping_status":"open","sticky":false,"template":"","format":"standard","meta":[],"categories":[4],"tags":[],"_links":{"self":[{"href":"https:\/\/dgospel.com.br\/portal\/index.php\/wp-json\/wp\/v2\/posts\/3587"}],"collection":[{"href":"https:\/\/dgospel.com.br\/portal\/index.php\/wp-json\/wp\/v2\/posts"}],"about":[{"href":"https:\/\/dgospel.com.br\/portal\/index.php\/wp-json\/wp\/v2\/types\/post"}],"author":[{"embeddable":true,"href":"https:\/\/dgospel.com.br\/portal\/index.php\/wp-json\/wp\/v2\/users\/2"}],"replies":[{"embeddable":true,"href":"https:\/\/dgospel.com.br\/portal\/index.php\/wp-json\/wp\/v2\/comments?post=3587"}],"version-history":[{"count":1,"href":"https:\/\/dgospel.com.br\/portal\/index.php\/wp-json\/wp\/v2\/posts\/3587\/revisions"}],"predecessor-version":[{"id":3589,"href":"https:\/\/dgospel.com.br\/portal\/index.php\/wp-json\/wp\/v2\/posts\/3587\/revisions\/3589"}],"wp:featuredmedia":[{"embeddable":true,"href":"https:\/\/dgospel.com.br\/portal\/index.php\/wp-json\/wp\/v2\/media\/3588"}],"wp:attachment":[{"href":"https:\/\/dgospel.com.br\/portal\/index.php\/wp-json\/wp\/v2\/media?parent=3587"}],"wp:term":[{"taxonomy":"category","embeddable":true,"href":"https:\/\/dgospel.com.br\/portal\/index.php\/wp-json\/wp\/v2\/categories?post=3587"},{"taxonomy":"post_tag","embeddable":true,"href":"https:\/\/dgospel.com.br\/portal\/index.php\/wp-json\/wp\/v2\/tags?post=3587"}],"curies":[{"name":"wp","href":"https:\/\/api.w.org\/{rel}","templated":true}]}}