{"id":3590,"date":"2019-07-16T17:28:14","date_gmt":"2019-07-16T20:28:14","guid":{"rendered":"http:\/\/dgospel.com.br\/portal\/?p=3590"},"modified":"2019-07-16T17:28:16","modified_gmt":"2019-07-16T20:28:16","slug":"ex-governador-siqueira-campos-assume-vaga-no-senado-aos-90-anos","status":"publish","type":"post","link":"https:\/\/dgospel.com.br\/portal\/index.php\/2019\/07\/16\/ex-governador-siqueira-campos-assume-vaga-no-senado-aos-90-anos\/","title":{"rendered":"Ex-governador Siqueira Campos assume vaga no Senado aos 90 anos"},"content":{"rendered":"\n<p>O ex-governador Siqueira Campos (DEM) tomou posse nesta ter\u00e7a-feira (16) no Senado Federal em Bras\u00edlia (DF). Aos 90 anos, ele assumiu a vaga deixada pelo senador Eduardo Gomes (SD),&nbsp;<a href=\"https:\/\/g1.globo.com\/to\/tocantins\/noticia\/2019\/07\/15\/eduardo-gomes-sera-secretario-no-tocantins-e-siqueira-campos-vai-assumir-vaga-no-senado.ghtml\">que aceitou o convite para integrar a equipe<\/a>&nbsp;de secret\u00e1rios do governo do Tocantins.<\/p>\n\n\n\n<p>Eduardo Gomes ser\u00e1 o novo secret\u00e1rio de estado da Governadoria e ter\u00e1 entre as fun\u00e7\u00f5es a articula\u00e7\u00e3o do governo estadual em Bras\u00edlia. Com a nomea\u00e7\u00e3o, a vaga no Senado foi para o primeiro suplente, Siqueira Campos.<\/p>\n\n\n\n<p>A sess\u00e3o foi conduzida pelo presidente do Senado, Davi Alcolumbre (DEM), e contou com homenagens a Siqueira Campos. Estiveram presentes o governador do Tocantins em exerc\u00edcio, Wanderlei Barbosa (PHS), e a prefeita de Palmas Cinthia Ribeiro (PSDB), entre outros pol\u00edticos do Tocantins.<\/p>\n\n\n\n<p>Durante o discurso, Siqueira Campos se emocionou e afirmou que tinha encerrado a carreira pol\u00edtica, mas atendeu ao chamado para assumir o cargo de senador pela primeira vez. &#8220;[&#8230;] N\u00f3s vamos defender o Brasil, defender as diversas regi\u00f5es, os diversos estados da federa\u00e7\u00e3o e os interesses do nosso povo&#8221;, afirmou.<\/p>\n\n\n\n<p>Siqueira Campos (DEM) foi o primeiro governador do Tocantins e ocupou o cargo por quatro mandatos. Em 2018, ele chegou a anunciar que disputaria a vaga de senador como titular, mas se afastou da campanha por problemas de sa\u00fade.<br><\/p>\n\n\n\n<p>Fonte: <strong>G1 Tocantins<\/strong><\/p>\n","protected":false},"excerpt":{"rendered":"<p>O ex-governador Siqueira Campos (DEM) tomou posse nesta ter\u00e7a-feira (16) no Senado Federal em Bras\u00edlia (DF). Aos 90 anos, ele assumiu a vaga deixada pelo senador Eduardo Gomes (SD),&nbsp;que aceitou o convite para integrar a equipe&nbsp;de secret\u00e1rios do governo do Tocantins. Eduardo Gomes ser\u00e1 o novo secret\u00e1rio de estado da Governadoria e ter\u00e1 entre as [&hellip;]<\/p>\n","protected":false},"author":2,"featured_media":3591,"comment_status":"open","ping_status":"open","sticky":false,"template":"","format":"standard","meta":[],"categories":[4],"tags":[],"_links":{"self":[{"href":"https:\/\/dgospel.com.br\/portal\/index.php\/wp-json\/wp\/v2\/posts\/3590"}],"collection":[{"href":"https:\/\/dgospel.com.br\/portal\/index.php\/wp-json\/wp\/v2\/posts"}],"about":[{"href":"https:\/\/dgospel.com.br\/portal\/index.php\/wp-json\/wp\/v2\/types\/post"}],"author":[{"embeddable":true,"href":"https:\/\/dgospel.com.br\/portal\/index.php\/wp-json\/wp\/v2\/users\/2"}],"replies":[{"embeddable":true,"href":"https:\/\/dgospel.com.br\/portal\/index.php\/wp-json\/wp\/v2\/comments?post=3590"}],"version-history":[{"count":1,"href":"https:\/\/dgospel.com.br\/portal\/index.php\/wp-json\/wp\/v2\/posts\/3590\/revisions"}],"predecessor-version":[{"id":3592,"href":"https:\/\/dgospel.com.br\/portal\/index.php\/wp-json\/wp\/v2\/posts\/3590\/revisions\/3592"}],"wp:featuredmedia":[{"embeddable":true,"href":"https:\/\/dgospel.com.br\/portal\/index.php\/wp-json\/wp\/v2\/media\/3591"}],"wp:attachment":[{"href":"https:\/\/dgospel.com.br\/portal\/index.php\/wp-json\/wp\/v2\/media?parent=3590"}],"wp:term":[{"taxonomy":"category","embeddable":true,"href":"https:\/\/dgospel.com.br\/portal\/index.php\/wp-json\/wp\/v2\/categories?post=3590"},{"taxonomy":"post_tag","embeddable":true,"href":"https:\/\/dgospel.com.br\/portal\/index.php\/wp-json\/wp\/v2\/tags?post=3590"}],"curies":[{"name":"wp","href":"https:\/\/api.w.org\/{rel}","templated":true}]}}