{"id":3593,"date":"2019-07-16T17:32:38","date_gmt":"2019-07-16T20:32:38","guid":{"rendered":"http:\/\/dgospel.com.br\/portal\/?p=3593"},"modified":"2019-07-16T17:32:40","modified_gmt":"2019-07-16T20:32:40","slug":"governador-em-exercicio-wanderlei-barbosa-prestigia-posse-de-siqueira-campos-no-senado","status":"publish","type":"post","link":"https:\/\/dgospel.com.br\/portal\/index.php\/2019\/07\/16\/governador-em-exercicio-wanderlei-barbosa-prestigia-posse-de-siqueira-campos-no-senado\/","title":{"rendered":"Governador em exerc\u00edcio Wanderlei Barbosa prestigia posse de Siqueira Campos no Senado"},"content":{"rendered":"\n<p>O governador em exerc\u00edcio Wanderlei Barbosa prestigiou a posse, no plen\u00e1rio do Senado Federal, do criador e ex-governador do Estado do Tocantins, Jos\u00e9 Wilson Siqueira Campos, na manh\u00e3 desta ter\u00e7a-feira, 16, em Bras\u00edlia (DF). Siqueira Campos \u00e9 suplente do novo secret\u00e1rio Estadual da Governadoria, Eduardo Gomes, nomeado nessa \u00faltima segunda-feira, 15.<\/p>\n\n\n\n<p>Durante discurso, Wanderlei Barbosa ressaltou a import\u00e2ncia hist\u00f3ria de Siqueira Campos, como l\u00edder fundamental na cria\u00e7\u00e3o do Tocantins. &#8220;As pessoas insistem em dizer que o Estado n\u00e3o foi criado sozinho, n\u00e3o foi mesmo, foi com a luta do povo e do movimento separatista, mas eles precisavam ser liderados e esse l\u00edder foi Siqueira Campos&#8221;, disse o Governador em exerc\u00edcio.<\/p>\n\n\n\n<p>\u201cNa separa\u00e7\u00e3o do Estado, precis\u00e1vamos de um l\u00edder, e Siqueira Campos lutou e liderou esse movimento separatista. Ele conseguiu dar uma nova dimens\u00e3o ao norte de Goi\u00e1s, criando o nosso Tocantins. Deus permitiu que meu pai fosse escolhido o primeiro prefeito de Palmas. Ele e Siqueira implantaram a Capital, essa alegria foi imensa para todos n\u00f3s, para uma regi\u00e3o que era simples, talvez a regi\u00e3o menos assistida de Goi\u00e1s\u201d, relembrou Wanderlei Barbosa.<\/p>\n\n\n\n<p>\u201cFico muito feliz por esse momento. Momento em que damos posse a um homem de quase 91 anos, mas que de maneira brilhante construiu um Tocantins para todos n\u00f3s\u201d, elogiou o governador em exerc\u00edcio.<\/p>\n\n\n\n<p><strong>Emo\u00e7\u00e3o<\/strong><\/p>\n\n\n\n<p>Em sua fala, o senador Siqueira Campos, emocionado, afirmou que ir\u00e1 cuidar dos netos e de seu Estado. \u201cSou um velho que vou cuidar dos netos e das pessoas que precisarem de mim, me dedicar \u00e0s causas do meu Estado\u201d, destacou o ex-governador.<\/p>\n\n\n\n<p>Siqueira Campos relembrou ainda as lutas em defesa do povo e se emocionou com as homenagens recebidas. &#8220;Aqui tem muitas pessoas queridas minhas que vieram para ver essa posse. Me sinto emocionado com os discursos que aqui foram feitos e refor\u00e7o o meu sentimento de dever cumprido&#8221;, frisou o agora Senador.<\/p>\n\n\n\n<p><strong>Presen\u00e7as<\/strong><\/p>\n\n\n\n<p>Na solenidade de posse, ainda estavam presentes o senador licenciado e secret\u00e1rio de Estado da Governadoria, Eduardo Gomes, os deputados federais Professora Dorinha, Tiago Dimas e Carlos Henrique Gaguim, a prefeita de Palmas, Cinthia Ribeiro, dos deputados estaduais Eduardo Siqueira Campos, Olyntho Neto e Ricardo Ayres, o prefeito de Colinas, Adriano Rabelo, do secret\u00e1rio Chefe da Casa Civil, Rolf Vidal, secret\u00e1ria de Educa\u00e7\u00e3o Esportes e Juventude, Adriana Aguiar.<\/p>\n","protected":false},"excerpt":{"rendered":"<p>O governador em exerc\u00edcio Wanderlei Barbosa prestigiou a posse, no plen\u00e1rio do Senado Federal, do criador e ex-governador do Estado do Tocantins, Jos\u00e9 Wilson Siqueira Campos, na manh\u00e3 desta ter\u00e7a-feira, 16, em Bras\u00edlia (DF). Siqueira Campos \u00e9 suplente do novo secret\u00e1rio Estadual da Governadoria, Eduardo Gomes, nomeado nessa \u00faltima segunda-feira, 15. Durante discurso, Wanderlei Barbosa [&hellip;]<\/p>\n","protected":false},"author":2,"featured_media":3594,"comment_status":"open","ping_status":"open","sticky":false,"template":"","format":"standard","meta":[],"categories":[4],"tags":[],"_links":{"self":[{"href":"https:\/\/dgospel.com.br\/portal\/index.php\/wp-json\/wp\/v2\/posts\/3593"}],"collection":[{"href":"https:\/\/dgospel.com.br\/portal\/index.php\/wp-json\/wp\/v2\/posts"}],"about":[{"href":"https:\/\/dgospel.com.br\/portal\/index.php\/wp-json\/wp\/v2\/types\/post"}],"author":[{"embeddable":true,"href":"https:\/\/dgospel.com.br\/portal\/index.php\/wp-json\/wp\/v2\/users\/2"}],"replies":[{"embeddable":true,"href":"https:\/\/dgospel.com.br\/portal\/index.php\/wp-json\/wp\/v2\/comments?post=3593"}],"version-history":[{"count":1,"href":"https:\/\/dgospel.com.br\/portal\/index.php\/wp-json\/wp\/v2\/posts\/3593\/revisions"}],"predecessor-version":[{"id":3595,"href":"https:\/\/dgospel.com.br\/portal\/index.php\/wp-json\/wp\/v2\/posts\/3593\/revisions\/3595"}],"wp:featuredmedia":[{"embeddable":true,"href":"https:\/\/dgospel.com.br\/portal\/index.php\/wp-json\/wp\/v2\/media\/3594"}],"wp:attachment":[{"href":"https:\/\/dgospel.com.br\/portal\/index.php\/wp-json\/wp\/v2\/media?parent=3593"}],"wp:term":[{"taxonomy":"category","embeddable":true,"href":"https:\/\/dgospel.com.br\/portal\/index.php\/wp-json\/wp\/v2\/categories?post=3593"},{"taxonomy":"post_tag","embeddable":true,"href":"https:\/\/dgospel.com.br\/portal\/index.php\/wp-json\/wp\/v2\/tags?post=3593"}],"curies":[{"name":"wp","href":"https:\/\/api.w.org\/{rel}","templated":true}]}}