{"id":36,"date":"2018-05-09T14:24:37","date_gmt":"2018-05-09T17:24:37","guid":{"rendered":"http:\/\/dgospel.com.br\/portal\/?p=36"},"modified":"2018-05-09T14:24:37","modified_gmt":"2018-05-09T17:24:37","slug":"primeira-reuniao-oficial-da-campanha-de-vicentinho-alves-em-palmas-sera-com-a-comunidade-evangelica-nesta-quarta-feira","status":"publish","type":"post","link":"https:\/\/dgospel.com.br\/portal\/index.php\/2018\/05\/09\/primeira-reuniao-oficial-da-campanha-de-vicentinho-alves-em-palmas-sera-com-a-comunidade-evangelica-nesta-quarta-feira\/","title":{"rendered":"Primeira reuni\u00e3o oficial da campanha de Vicentinho Alves em Palmas ser\u00e1 com a comunidade evang\u00e9lica nesta quarta-feira"},"content":{"rendered":"<p>O candidato da coliga\u00e7\u00e3o \u201cA Vez dos Tocantinenses\u201d Vicentinho Alves (PR), realiza a primeira reuni\u00e3o oficial sua campanha em Palmas reunindo com a comunidade evang\u00e9lica. A reuni\u00e3o que ser\u00e1 articulada pelo o suplente de senador, pastor Amarildo Martins, Davi Gomes, Jo\u00e3o Campos e Lazaro Quirino, acontecer\u00e1 nesta quarta-feira, 09, \u00e1s 19h30 no audit\u00f3rio do Cristal Hall, na avenida Teot\u00f4nio Segurado.<\/p>\n<p>&nbsp;<\/p>\n<p>O senador Vicentinho Alves que busca chegar ao Pal\u00e1cio Araguaia na elei\u00e7\u00e3o suplementar do dia 3 de junho, tem aproximado do segmento evang\u00e9lico. Entre os l\u00edderes que j\u00e1 declararam apoio \u00e0 campanha de Vicentinho, est\u00e3o os pastores, Amarildo Martins, presidente da Conven\u00e7\u00e3o de Madureira, Jo\u00e3o Campos, ex-vereador em Palmas, Felipe Martins, vereador em Palmas, L\u00e1zaro Quirino, presidente do MDB de Palmas, Davi Gomes, e v\u00e1rias outras lideran\u00e7as<\/p>\n","protected":false},"excerpt":{"rendered":"<p>O candidato da coliga\u00e7\u00e3o \u201cA Vez dos Tocantinenses\u201d Vicentinho Alves (PR), realiza a primeira reuni\u00e3o oficial sua campanha em Palmas reunindo com a comunidade evang\u00e9lica. A reuni\u00e3o que ser\u00e1 articulada pelo o suplente de senador, pastor Amarildo Martins, Davi Gomes, Jo\u00e3o Campos e Lazaro Quirino, acontecer\u00e1 nesta quarta-feira, 09, \u00e1s 19h30 no audit\u00f3rio do Cristal [&hellip;]<\/p>\n","protected":false},"author":2,"featured_media":37,"comment_status":"open","ping_status":"open","sticky":false,"template":"","format":"standard","meta":[],"categories":[2,5,4],"tags":[],"_links":{"self":[{"href":"https:\/\/dgospel.com.br\/portal\/index.php\/wp-json\/wp\/v2\/posts\/36"}],"collection":[{"href":"https:\/\/dgospel.com.br\/portal\/index.php\/wp-json\/wp\/v2\/posts"}],"about":[{"href":"https:\/\/dgospel.com.br\/portal\/index.php\/wp-json\/wp\/v2\/types\/post"}],"author":[{"embeddable":true,"href":"https:\/\/dgospel.com.br\/portal\/index.php\/wp-json\/wp\/v2\/users\/2"}],"replies":[{"embeddable":true,"href":"https:\/\/dgospel.com.br\/portal\/index.php\/wp-json\/wp\/v2\/comments?post=36"}],"version-history":[{"count":1,"href":"https:\/\/dgospel.com.br\/portal\/index.php\/wp-json\/wp\/v2\/posts\/36\/revisions"}],"predecessor-version":[{"id":38,"href":"https:\/\/dgospel.com.br\/portal\/index.php\/wp-json\/wp\/v2\/posts\/36\/revisions\/38"}],"wp:featuredmedia":[{"embeddable":true,"href":"https:\/\/dgospel.com.br\/portal\/index.php\/wp-json\/wp\/v2\/media\/37"}],"wp:attachment":[{"href":"https:\/\/dgospel.com.br\/portal\/index.php\/wp-json\/wp\/v2\/media?parent=36"}],"wp:term":[{"taxonomy":"category","embeddable":true,"href":"https:\/\/dgospel.com.br\/portal\/index.php\/wp-json\/wp\/v2\/categories?post=36"},{"taxonomy":"post_tag","embeddable":true,"href":"https:\/\/dgospel.com.br\/portal\/index.php\/wp-json\/wp\/v2\/tags?post=36"}],"curies":[{"name":"wp","href":"https:\/\/api.w.org\/{rel}","templated":true}]}}