{"id":3608,"date":"2019-07-18T09:50:36","date_gmt":"2019-07-18T12:50:36","guid":{"rendered":"http:\/\/dgospel.com.br\/portal\/?p=3608"},"modified":"2019-07-18T09:50:37","modified_gmt":"2019-07-18T12:50:37","slug":"defesa-civil-alerta-sobre-risco-de-incendios-durante-epoca-de-clima-seco-e-ventanias","status":"publish","type":"post","link":"https:\/\/dgospel.com.br\/portal\/index.php\/2019\/07\/18\/defesa-civil-alerta-sobre-risco-de-incendios-durante-epoca-de-clima-seco-e-ventanias\/","title":{"rendered":"Defesa Civil alerta sobre risco de inc\u00eandios durante \u00e9poca de clima seco e ventanias"},"content":{"rendered":"\n<p>Durante essa \u00e9poca do ano, o clima fica bastante seco e os ventos ganham for\u00e7a. Essas condi\u00e7\u00f5es aumentam os riscos das queimadas. Desta forma, a Defesa Civil de Palmas recomenda que, em hip\u00f3tese nenhuma, sejam acesas fogueiras, ainda que para queimar apenas as folhas secas do quintal.<\/p>\n\n\n\n<p>Anualmente v\u00e1rias \u00e1reas de preserva\u00e7\u00e3o ambiental, planta\u00e7\u00f5es e at\u00e9 propriedades residenciais s\u00e3o atingidas, na zona rural, por queimadas que geram enormes preju\u00edzos ambientais e financeiros e, ainda, colocam em risco a vida de moradores dessas regi\u00f5es. Al\u00e9m disso, o clima j\u00e1 bastante seco, por conta da baix\u00edssima umidade do ar, pode ficar ainda pior com a fuma\u00e7a produzida nesses inc\u00eandios criminosos, aumentando as possibilidades de doen\u00e7as respirat\u00f3rias.<\/p>\n\n\n\n<p>Muitos inc\u00eandios come\u00e7am sem a pretens\u00e3o de que ocorram, \u00e0s vezes, quem ateia fogo queria apenas livrar-se de alguns res\u00edduos. O problema \u00e9 que as fortes rajadas de vento, caracter\u00edsticas dessa \u00e9poca, podem espalhar rapidamente o fogo, deixando a situa\u00e7\u00e3o sem controle, por essa raz\u00e3o, n\u00e3o se deve utilizar fogo nem nas zonas urbanas nem nas rurais.<\/p>\n\n\n\n<p>O superintendente da Defesa Civil, Bruno Maciel, explica que existem outras formas de \u201cdar fim\u201d aos res\u00edduos do quintal e pede que a popula\u00e7\u00e3o n\u00e3o use fogo para esta finalidade. \u201cN\u00f3s orientamos que as pessoas fa\u00e7am uso de outras t\u00e9cnicas que n\u00e3o coloquem em risco o meio ambiente e a si mesmas, como \u00e9 o caso da compostagem. \u00c9 poss\u00edvel ainda enterrar esses res\u00edduos no quintal, assim, al\u00e9m de n\u00e3o ter o risco de causar um inc\u00eandio, os res\u00edduos ainda podem servir de adubo para o solo\u201d, disse.<\/p>\n\n\n\n<p><strong>Proibi\u00e7\u00e3o<\/strong><\/p>\n\n\n\n<p>O superintendente lembra ainda que o uso de fogo para esse tipo de finalidade est\u00e1 proibido em todo o Estado pelo Instituto Natureza do Tocantins (Naturatins). \u201cDentro do Tocantins, as queimadas podem ser previamente autorizadas na zona rural pelo Naturatins, mas foi divulgada portaria suspendendo a emiss\u00e3o dessas autoriza\u00e7\u00f5es\u201d, explica Bruno.<\/p>\n\n\n\n<p>A portaria a que se refere o representante da Defesa Civil \u00e9 a de n\u00ba 180, datada de 28 de junho deste ano. Segundo a qual, em virtude do alto risco ambiental durante o per\u00edodo de estiagem, mesmo as queimas controladas est\u00e3o suspensas at\u00e9 20 de novembro de 2019. Deste modo, fica proibido realizar queimadas no Tocantins.<\/p>\n","protected":false},"excerpt":{"rendered":"<p>Durante essa \u00e9poca do ano, o clima fica bastante seco e os ventos ganham for\u00e7a. Essas condi\u00e7\u00f5es aumentam os riscos das queimadas. Desta forma, a Defesa Civil de Palmas recomenda que, em hip\u00f3tese nenhuma, sejam acesas fogueiras, ainda que para queimar apenas as folhas secas do quintal. Anualmente v\u00e1rias \u00e1reas de preserva\u00e7\u00e3o ambiental, planta\u00e7\u00f5es e [&hellip;]<\/p>\n","protected":false},"author":2,"featured_media":3609,"comment_status":"open","ping_status":"open","sticky":false,"template":"","format":"standard","meta":[],"categories":[3],"tags":[],"_links":{"self":[{"href":"https:\/\/dgospel.com.br\/portal\/index.php\/wp-json\/wp\/v2\/posts\/3608"}],"collection":[{"href":"https:\/\/dgospel.com.br\/portal\/index.php\/wp-json\/wp\/v2\/posts"}],"about":[{"href":"https:\/\/dgospel.com.br\/portal\/index.php\/wp-json\/wp\/v2\/types\/post"}],"author":[{"embeddable":true,"href":"https:\/\/dgospel.com.br\/portal\/index.php\/wp-json\/wp\/v2\/users\/2"}],"replies":[{"embeddable":true,"href":"https:\/\/dgospel.com.br\/portal\/index.php\/wp-json\/wp\/v2\/comments?post=3608"}],"version-history":[{"count":1,"href":"https:\/\/dgospel.com.br\/portal\/index.php\/wp-json\/wp\/v2\/posts\/3608\/revisions"}],"predecessor-version":[{"id":3610,"href":"https:\/\/dgospel.com.br\/portal\/index.php\/wp-json\/wp\/v2\/posts\/3608\/revisions\/3610"}],"wp:featuredmedia":[{"embeddable":true,"href":"https:\/\/dgospel.com.br\/portal\/index.php\/wp-json\/wp\/v2\/media\/3609"}],"wp:attachment":[{"href":"https:\/\/dgospel.com.br\/portal\/index.php\/wp-json\/wp\/v2\/media?parent=3608"}],"wp:term":[{"taxonomy":"category","embeddable":true,"href":"https:\/\/dgospel.com.br\/portal\/index.php\/wp-json\/wp\/v2\/categories?post=3608"},{"taxonomy":"post_tag","embeddable":true,"href":"https:\/\/dgospel.com.br\/portal\/index.php\/wp-json\/wp\/v2\/tags?post=3608"}],"curies":[{"name":"wp","href":"https:\/\/api.w.org\/{rel}","templated":true}]}}