{"id":3611,"date":"2019-07-18T12:27:20","date_gmt":"2019-07-18T15:27:20","guid":{"rendered":"http:\/\/dgospel.com.br\/portal\/?p=3611"},"modified":"2019-07-18T12:27:23","modified_gmt":"2019-07-18T15:27:23","slug":"governador-em-exercicio-wanderlei-barbosa-apresenta-acoes-de-turismo-e-cultura-a-artesaos-de-taquarucu","status":"publish","type":"post","link":"https:\/\/dgospel.com.br\/portal\/index.php\/2019\/07\/18\/governador-em-exercicio-wanderlei-barbosa-apresenta-acoes-de-turismo-e-cultura-a-artesaos-de-taquarucu\/","title":{"rendered":"Governador em exerc\u00edcio Wanderlei Barbosa apresenta a\u00e7\u00f5es de turismo e cultura \u00e0 artes\u00e3os de Taquaru\u00e7u"},"content":{"rendered":"\n<p>O governador do Tocantins em exerc\u00edcio, Wanderlei Barbosa, apresentou na noite desta quarta-feira, 17, a\u00e7\u00f5es de fomento e turismo aos artes\u00e3os e moradores do distrito de Taquaru\u00e7u, a 30 Km do centro de Palmas.&nbsp;<\/p>\n\n\n\n<p>No evento, foram apresentados a Certid\u00e3o Nacional de Artes\u00e3o, o Cadastro&nbsp;de Prestadores de Servi\u00e7os Tur\u00edsticos do Minist\u00e9rio do Turismo (Cadastur)&nbsp;e oficinas de artesanato que ser\u00e3o ministradas no Centro de Conviv\u00eancia do Artes\u00e3o.&nbsp;<\/p>\n\n\n\n<p>Wanderlei&nbsp;Barbosa&nbsp;destacou que os turistas v\u00e3o a Taquaru\u00e7u para conhecer as cachoeiras, pousadas e cultura local. \u201cTemos que criar ambientes e capacitar os moradores para fomentar o turismo do distrito. Taquaru\u00e7u \u00e9 refer\u00eancia pelos atrativos que possui&#8221;, destacou o governador em exerc\u00edcio que complementou ainda que&nbsp;existem R$ 10 milh\u00f5es para fomentar a economia dos pequenos produtores e outras vertentes.&nbsp;\u201cIremos discutir projetos importantes para fomentar a economia local e da regi\u00e3o. Temos uma taxa de juros de 1% ao m\u00eas e podemos discutir a diminui\u00e7\u00e3o dessa taxa para 0,5%\u201d, ponderou Wanderlei Barbosa.<\/p>\n\n\n\n<p><strong>Cadastur<\/strong><\/p>\n\n\n\n<p>A coordenadora do Cadastur Regional, Mayna Miranda, tamb\u00e9m esteve no evento e falou um pouco sobre o Cadastro de Prestadores de Servi\u00e7os Tur\u00edsticos do Minist\u00e9rio do Turismo. \u201cO cadastro \u00e9 obrigat\u00f3rio desde 2008 e possibilita o cadastro de 15 atividades, sendo sete obrigat\u00f3rias e oito opcionais.&nbsp;Tem validade de cinco anos para guias de turismo e de dois anos para demais atividades como ag\u00eancias de turismo, meios de hospedagem, organizadores de eventos, camping, parques tem\u00e1ticos, transportadoras tur\u00edsticas e acampamentos\u201d, afirmou Mayna.&nbsp;&nbsp;<\/p>\n\n\n\n<p><strong>Certid\u00e3o de Artes\u00e3o<\/strong><\/p>\n\n\n\n<p>O gerente de Fomento e Promo\u00e7\u00e3o da Cultura da&nbsp;Ag\u00eancia do Desenvolvimento do Turismo, Cultura e Economia Criativa (Adetuc),&nbsp;\u00c1lvaro Junior, explicou um pouco sobre a Carteira do Artes\u00e3o. \u201cA carteira \u00e9 um documento que garante o reconhecimento do seu trabalho como artes\u00e3o ou trabalhador manual\u201d, afirmou.<\/p>\n\n\n\n<p>\u00c1lvaro&nbsp;Junior&nbsp;tamb\u00e9m explicou que artes\u00e3os s\u00e3o aqueles que utilizam mat\u00e9ria-prima natural para a cria\u00e7\u00e3o do produto, como cer\u00e2mica, fibra vegetal e madeira. Quem utiliza mat\u00e9rias industrializadas para construir produtos \u00e9 considerado trabalhador manual.<\/p>\n\n\n\n<p>O presidente da Adetuc, Tom Lyra, elogiou e agradeceu o governo pela iniciativa de fomento ao turismo e artesanato local. \u201cEsta noite para mim \u00e9 um orgulho.&nbsp;Vamos ter&nbsp;novamente&nbsp;o Rally dos Sert\u00f5es, tivemos o Bota Pra Correr, no Jalap\u00e3o, temos voo direto de Palmas para Recife.&nbsp;O mais importante \u00e9 gerar emprego e renda para nossa gente\u201d, afirmou o&nbsp;presidente da Adetuc, Tom Lyra.&nbsp;<\/p>\n\n\n\n<p>Participaram do evento em Taquaru\u00e7u as deputadas estaduais Vanda Monteiro e Claudia Lelis; o presidente da C\u00e2mara Municipal de Palmas,&nbsp;Marilon Barbosa;&nbsp;comandante do Corpo de&nbsp; Bombeiros, Reginaldo Leandro da Silva; comandante geral da Pol\u00edcia Militar, Jaizon Veras; presidente do&nbsp;&nbsp;Ruraltins, Tiago Dourado;&nbsp;secret\u00e1rio estadual do Trabalho e Desenvolvimento Social, Reginaldo Messias; presidente da Ag\u00eancia de Fomento, Denise Rocha; secret\u00e1rio chefe da Casa Civil, Rolf Vidal, e o superintendente do Sebrae, Moises Gomes.<\/p>\n","protected":false},"excerpt":{"rendered":"<p>O governador do Tocantins em exerc\u00edcio, Wanderlei Barbosa, apresentou na noite desta quarta-feira, 17, a\u00e7\u00f5es de fomento e turismo aos artes\u00e3os e moradores do distrito de Taquaru\u00e7u, a 30 Km do centro de Palmas.&nbsp; No evento, foram apresentados a Certid\u00e3o Nacional de Artes\u00e3o, o Cadastro&nbsp;de Prestadores de Servi\u00e7os Tur\u00edsticos do Minist\u00e9rio do Turismo (Cadastur)&nbsp;e oficinas [&hellip;]<\/p>\n","protected":false},"author":2,"featured_media":3612,"comment_status":"open","ping_status":"open","sticky":false,"template":"","format":"standard","meta":[],"categories":[4],"tags":[],"_links":{"self":[{"href":"https:\/\/dgospel.com.br\/portal\/index.php\/wp-json\/wp\/v2\/posts\/3611"}],"collection":[{"href":"https:\/\/dgospel.com.br\/portal\/index.php\/wp-json\/wp\/v2\/posts"}],"about":[{"href":"https:\/\/dgospel.com.br\/portal\/index.php\/wp-json\/wp\/v2\/types\/post"}],"author":[{"embeddable":true,"href":"https:\/\/dgospel.com.br\/portal\/index.php\/wp-json\/wp\/v2\/users\/2"}],"replies":[{"embeddable":true,"href":"https:\/\/dgospel.com.br\/portal\/index.php\/wp-json\/wp\/v2\/comments?post=3611"}],"version-history":[{"count":1,"href":"https:\/\/dgospel.com.br\/portal\/index.php\/wp-json\/wp\/v2\/posts\/3611\/revisions"}],"predecessor-version":[{"id":3613,"href":"https:\/\/dgospel.com.br\/portal\/index.php\/wp-json\/wp\/v2\/posts\/3611\/revisions\/3613"}],"wp:featuredmedia":[{"embeddable":true,"href":"https:\/\/dgospel.com.br\/portal\/index.php\/wp-json\/wp\/v2\/media\/3612"}],"wp:attachment":[{"href":"https:\/\/dgospel.com.br\/portal\/index.php\/wp-json\/wp\/v2\/media?parent=3611"}],"wp:term":[{"taxonomy":"category","embeddable":true,"href":"https:\/\/dgospel.com.br\/portal\/index.php\/wp-json\/wp\/v2\/categories?post=3611"},{"taxonomy":"post_tag","embeddable":true,"href":"https:\/\/dgospel.com.br\/portal\/index.php\/wp-json\/wp\/v2\/tags?post=3611"}],"curies":[{"name":"wp","href":"https:\/\/api.w.org\/{rel}","templated":true}]}}