{"id":3614,"date":"2019-07-18T12:35:50","date_gmt":"2019-07-18T15:35:50","guid":{"rendered":"http:\/\/dgospel.com.br\/portal\/?p=3614"},"modified":"2019-07-18T12:35:51","modified_gmt":"2019-07-18T15:35:51","slug":"nao-sei-se-sou-terrivelmente-evangelico-mas-sou-fiel-diz-bretas","status":"publish","type":"post","link":"https:\/\/dgospel.com.br\/portal\/index.php\/2019\/07\/18\/nao-sei-se-sou-terrivelmente-evangelico-mas-sou-fiel-diz-bretas\/","title":{"rendered":"&#8216;N\u00c3O SEI SE SOU TERRIVELMENTE EVANG\u00c9LICO, MAS SOU FIEL&#8217;, DIZ BRETAS"},"content":{"rendered":"\n<p>Foi em 2 de junho, um s\u00e1bado ensolarado em\nBras\u00edlia, que o juiz Marcelo Bretas, respons\u00e1vel pela Opera\u00e7\u00e3o Lava Jato no Rio\nde Janeiro, desembarcou na capital federal para uma conversa sigilosa no\nPal\u00e1cio do Planalto. A sua espera estava o presidente Jair Bolsonaro, que 48\nhoras antes havia falado pela primeira vez na possibilidade de indicar um\nministro evang\u00e9lico para o Supremo Tribunal Federal (STF). O magistrado \u00e9\nadepto e praticante da religi\u00e3o evang\u00e9lica. <\/p>\n\n\n\n<p>Bretas n\u00e3o falou sobre o encontro, mas comentou a\npossibilidade de ser indicado: \u201cSe quero ser ministro do Supremo? Olha, n\u00e3o \u00e9\nmeu projeto de vida. Agora, sei que ser ministro do Supremo \u00e9 uma promo\u00e7\u00e3o ao\ntopo da carreira. \u00c9 o auge, o topo, uma honra. Quem ficaria triste com uma\npromo\u00e7\u00e3o dessa?\u201d\n\nDesde a fala presidencial, o nome de Bretas passou a ser tratado, com o\ndo advogado-geral da Uni\u00e3o Andr\u00e9 Luiz de Almeida Mendon\u00e7a, como favorito para\numa nomea\u00e7\u00e3o na Corte no futuro. Na semana passada, Bolsonaro subiu o tom e\ndisse que, das duas indica\u00e7\u00f5es a que ter\u00e1 direito at\u00e9 o fim do mandato, uma\nser\u00e1 destinada obrigatoriamente a algu\u00e9m \u201cterrivelmente evang\u00e9lico\u201d. \u201cN\u00e3o sei\nse sou terrivelmente, mas sou fiel\u201d, disse Bretas aos risos, para depois\ndefender abertamente o crit\u00e9rio apresentado para o cargo.\n\n\n\n<\/p>\n","protected":false},"excerpt":{"rendered":"<p>Foi em 2 de junho, um s\u00e1bado ensolarado em Bras\u00edlia, que o juiz Marcelo Bretas, respons\u00e1vel pela Opera\u00e7\u00e3o Lava Jato no Rio de Janeiro, desembarcou na capital federal para uma conversa sigilosa no Pal\u00e1cio do Planalto. A sua espera estava o presidente Jair Bolsonaro, que 48 horas antes havia falado pela primeira vez na possibilidade [&hellip;]<\/p>\n","protected":false},"author":2,"featured_media":3615,"comment_status":"open","ping_status":"open","sticky":false,"template":"","format":"standard","meta":[],"categories":[5,4],"tags":[],"_links":{"self":[{"href":"https:\/\/dgospel.com.br\/portal\/index.php\/wp-json\/wp\/v2\/posts\/3614"}],"collection":[{"href":"https:\/\/dgospel.com.br\/portal\/index.php\/wp-json\/wp\/v2\/posts"}],"about":[{"href":"https:\/\/dgospel.com.br\/portal\/index.php\/wp-json\/wp\/v2\/types\/post"}],"author":[{"embeddable":true,"href":"https:\/\/dgospel.com.br\/portal\/index.php\/wp-json\/wp\/v2\/users\/2"}],"replies":[{"embeddable":true,"href":"https:\/\/dgospel.com.br\/portal\/index.php\/wp-json\/wp\/v2\/comments?post=3614"}],"version-history":[{"count":1,"href":"https:\/\/dgospel.com.br\/portal\/index.php\/wp-json\/wp\/v2\/posts\/3614\/revisions"}],"predecessor-version":[{"id":3616,"href":"https:\/\/dgospel.com.br\/portal\/index.php\/wp-json\/wp\/v2\/posts\/3614\/revisions\/3616"}],"wp:featuredmedia":[{"embeddable":true,"href":"https:\/\/dgospel.com.br\/portal\/index.php\/wp-json\/wp\/v2\/media\/3615"}],"wp:attachment":[{"href":"https:\/\/dgospel.com.br\/portal\/index.php\/wp-json\/wp\/v2\/media?parent=3614"}],"wp:term":[{"taxonomy":"category","embeddable":true,"href":"https:\/\/dgospel.com.br\/portal\/index.php\/wp-json\/wp\/v2\/categories?post=3614"},{"taxonomy":"post_tag","embeddable":true,"href":"https:\/\/dgospel.com.br\/portal\/index.php\/wp-json\/wp\/v2\/tags?post=3614"}],"curies":[{"name":"wp","href":"https:\/\/api.w.org\/{rel}","templated":true}]}}