{"id":3617,"date":"2019-07-20T09:30:12","date_gmt":"2019-07-20T12:30:12","guid":{"rendered":"http:\/\/dgospel.com.br\/portal\/?p=3617"},"modified":"2019-07-20T09:30:13","modified_gmt":"2019-07-20T12:30:13","slug":"revista-afirma-que-grupo-terrorista-planejava-atentado-para-matar-jair-bolsonaro","status":"publish","type":"post","link":"https:\/\/dgospel.com.br\/portal\/index.php\/2019\/07\/20\/revista-afirma-que-grupo-terrorista-planejava-atentado-para-matar-jair-bolsonaro\/","title":{"rendered":"Revista afirma que grupo terrorista planejava atentado para matar Jair Bolsonaro"},"content":{"rendered":"\n<p><strong>Um grupo terrorista situado no Brasil estaria sendo investigado h\u00e1 pelo\nmenos 6 meses pela Pol\u00edcia Federal por planejar um atentado para matar o\npresidente Jair Bolsonaro<\/strong>. Al\u00e9m dele, tamb\u00e9m seriam alvos a ministra da\nMulher, Fam\u00edlia e Direitos Humanos, Damares Alves, e o ministro do Meio\nAmbiente, Ricardo Salles. Questionado, o presidente confirmou a investiga\u00e7\u00e3o\ncontra o grupo. <\/p>\n\n\n\n<p>As informa\u00e7\u00f5es constam em uma\nreportagem da Revista Veja, que teve a pr\u00e9via publicada nesta sexta-feira (19)<\/p>\n\n\n\n<p>De acordo com a revista, a PF est\u00e1 no encal\u00e7o do grupo terrorista\nSociedade Secreta Silvestre (SSS), um bra\u00e7o brasileiro do Individualistas que\nTendem ao Selvagem (ITS), grupo internacional denominado ecoextremista e\ninvestigado por promover ataques a pol\u00edticos e executivos em outros pa\u00edses.<\/p>\n\n\n\n<p>A revista diz ter entrevistado um dos l\u00edderes do SSS, que se identificou\ncomo \u201cAnhang\u00e1\u201d. Em um chat na deepweb, uma esp\u00e9cie de \u00e1rea clandestina e\nirrastre\u00e1vel da internet, o l\u00edder teria confirmado \u00e0 reportagem da Veja que o\nplano para matar Bolsonaro \u00e9 real e come\u00e7ou a ser elaborado desde a elei\u00e7\u00e3o do\npresidente, em 2018.<\/p>\n\n\n\n<p>Ele teria afirmado \u00e0 Veja que o presidente \u00e9 um \u201cest\u00fapido populista\u201d que\n\u201cfalha com sua seguran\u00e7a\u201d e anda \u201csem uma prote\u00e7\u00e3o adequada\u201d. O motivo do\ngrupo, segundo a Veja, \u00e9 que Bolsonaro e sua administra\u00e7\u00e3o t\u00eam declarado guerra\nao meio ambiente.<\/p>\n\n\n\n<p>Segundo a revista, o atentado s\u00f3 n\u00e3o foi executado no dia da posse\ndevido ao forte esquema de seguran\u00e7a envolvido na cerim\u00f4nia, e que entre os\nalvos estavam Bolsonaro, a esposa Michelle, e os filhos do presidente: Carlos,\nEduardo, Fl\u00e1vio e Jair Renan.<\/p>\n\n\n\n<p>Apesar da desist\u00eancia, dias antes da posse, o grupo diz ter realizado\numa tentativa de ataque \u00e0 bomba em uma igreja, distante 50km do Pal\u00e1cio do\nPlanalto, na qual o artefato s\u00f3 n\u00e3o explodiu porque apresentou uma falha no\ndetonador.<\/p>\n\n\n\n<p><strong>SALLES E DAMARES NA\nMIRA<\/strong><\/p>\n\n\n\n<p>O SSS tamb\u00e9m teria revelado \u00e0 Veja que foi o autor de um ataque a um\nposto do Ibama, em Bras\u00edlia, quando duas viaturas do \u00f3rg\u00e3o foram incendiadas em\nabril deste ano. Na ocasi\u00e3o, segundo o l\u00edder do grupo, mensagens contra Salles\nforam pichadas. \u201cAnhang\u00e1\u201d, ainda segundo a Veja, teria chamado o ministro do\nMeio Ambiente de \u201cc\u00ednico\u201d e classificado sua nomea\u00e7\u00e3o como a de um \u201clobo\ncuidando de um galinheiro\u201d.<\/p>\n\n\n\n<p>Damares tamb\u00e9m estaria na mira do SSS, de acordo com a reportagem. A\nministra da Mulher, Fam\u00edlia e Direitos Humanos, na avalia\u00e7\u00e3o do l\u00edder, \u201c\u00e9 a\ncrist\u00e3 branca evangelizadora que prega o progresso e condena toda a\nancestralidade\u201d, o que iria contra o que o eco-extremismo prega.<\/p>\n\n\n\n<p><strong>INQU\u00c9RITO DA PF<\/strong><\/p>\n\n\n\n<p>Os grupo de terroristas brasileiros, segundo a Veja, \u00e9 monitorado pelas\nautoridades. Intitulado \u201cInforma\u00e7\u00f5es sobre Sociedade Secreta Silvestre\u201d, um\nrelat\u00f3rio obtido pela Veja e elaborado pela Diretoria de Intelig\u00eancia da PF\naponta que, em 2017, o grupo foi respons\u00e1vel por deixar uma bomba na rodovi\u00e1ria\nde Bras\u00edlia.<\/p>\n\n\n\n<p>Desde dezembro, o caso tem ficado sob tutela dos melhores investigadores\nantiterroristas do governo. O relat\u00f3rio, segundo a Veja, aponta ainda que o SSS\nsegue praticando atos criminosos com \u201cextrema gravidade\u201d e mostrando \u201cprofus\u00e3o\nde ideias violentas e extremistas, al\u00e9m de divulgar amea\u00e7as contra a vida do\nBolsonaro\u201d.<\/p>\n\n\n\n<p><strong>BOLSONARO CONFIRMA\nINQU\u00c9RITO<\/strong><\/p>\n\n\n\n<p>Questionado, Bolsonaro confirmou na manh\u00e3 desta sexta-feira (19) que o\nGSI (Gabinete de Seguran\u00e7a Institucional) da Presid\u00eancia j\u00e1 tinha conhecimento\nda investiga\u00e7\u00e3o sobre um grupo.<\/p>\n\n\n\n<p>Ao ser perguntado sobre o caso no final de um caf\u00e9 da manh\u00e3 com\njornalistas de ag\u00eancias internacionais, no Pal\u00e1cio do Planalto, Bolsonaro\nconfirmou que havia lido a reportagem naquela manh\u00e3. \u201cEu li e encaminhei, o GSI\nj\u00e1 tinha conhecimento&#8221;, disse.<\/p>\n\n\n\n<p>\u201cO risco de atentado a mim ou a qualquer l\u00edder mundial sempre vai\nexistir\u201d, afirmou, segundo a Reuters.<\/p>\n","protected":false},"excerpt":{"rendered":"<p>Um grupo terrorista situado no Brasil estaria sendo investigado h\u00e1 pelo menos 6 meses pela Pol\u00edcia Federal por planejar um atentado para matar o presidente Jair Bolsonaro. Al\u00e9m dele, tamb\u00e9m seriam alvos a ministra da Mulher, Fam\u00edlia e Direitos Humanos, Damares Alves, e o ministro do Meio Ambiente, Ricardo Salles. Questionado, o presidente confirmou a [&hellip;]<\/p>\n","protected":false},"author":2,"featured_media":3618,"comment_status":"open","ping_status":"open","sticky":false,"template":"","format":"standard","meta":[],"categories":[6,4],"tags":[],"_links":{"self":[{"href":"https:\/\/dgospel.com.br\/portal\/index.php\/wp-json\/wp\/v2\/posts\/3617"}],"collection":[{"href":"https:\/\/dgospel.com.br\/portal\/index.php\/wp-json\/wp\/v2\/posts"}],"about":[{"href":"https:\/\/dgospel.com.br\/portal\/index.php\/wp-json\/wp\/v2\/types\/post"}],"author":[{"embeddable":true,"href":"https:\/\/dgospel.com.br\/portal\/index.php\/wp-json\/wp\/v2\/users\/2"}],"replies":[{"embeddable":true,"href":"https:\/\/dgospel.com.br\/portal\/index.php\/wp-json\/wp\/v2\/comments?post=3617"}],"version-history":[{"count":1,"href":"https:\/\/dgospel.com.br\/portal\/index.php\/wp-json\/wp\/v2\/posts\/3617\/revisions"}],"predecessor-version":[{"id":3619,"href":"https:\/\/dgospel.com.br\/portal\/index.php\/wp-json\/wp\/v2\/posts\/3617\/revisions\/3619"}],"wp:featuredmedia":[{"embeddable":true,"href":"https:\/\/dgospel.com.br\/portal\/index.php\/wp-json\/wp\/v2\/media\/3618"}],"wp:attachment":[{"href":"https:\/\/dgospel.com.br\/portal\/index.php\/wp-json\/wp\/v2\/media?parent=3617"}],"wp:term":[{"taxonomy":"category","embeddable":true,"href":"https:\/\/dgospel.com.br\/portal\/index.php\/wp-json\/wp\/v2\/categories?post=3617"},{"taxonomy":"post_tag","embeddable":true,"href":"https:\/\/dgospel.com.br\/portal\/index.php\/wp-json\/wp\/v2\/tags?post=3617"}],"curies":[{"name":"wp","href":"https:\/\/api.w.org\/{rel}","templated":true}]}}