{"id":3621,"date":"2019-07-23T12:09:05","date_gmt":"2019-07-23T15:09:05","guid":{"rendered":"http:\/\/dgospel.com.br\/portal\/?p=3621"},"modified":"2019-07-23T12:09:11","modified_gmt":"2019-07-23T15:09:11","slug":"pastor-deive-leonardo-ministra-em-palmas-no-proximo-mes-de-outubro","status":"publish","type":"post","link":"https:\/\/dgospel.com.br\/portal\/index.php\/2019\/07\/23\/pastor-deive-leonardo-ministra-em-palmas-no-proximo-mes-de-outubro\/","title":{"rendered":"Pastor Deive Leonardo ministra em Palmas no pr\u00f3ximo m\u00eas de outubro"},"content":{"rendered":"\n<p><strong>\u201cO Melhor Dia\nda Minha Vida\u201d<\/strong> \u00e9 pensado para\ntodos aqueles que precisam esquecer as pedras do caminho e olhar para frente\ncom mais perseveran\u00e7a e alegria.<\/p>\n\n\n\n<p>O pastor Deive Leonardo, proporcionar\u00e1 um momento\nrepleto de palavras, reflex\u00f5es e conforto no dia 11 de outubro, no complexo\nesportivo do Col\u00e9gio Marista, \u00e0s 20h, com abertura dos port\u00f5es \u00e0s 19h, em\nPalmas. <\/p>\n\n\n\n<p>Uma das maiores preocupa\u00e7\u00f5es do Deive \u00e9 a salva\u00e7\u00e3o\nde almas. Neste transformador encontro com o pastor, as pessoas poder\u00e3o\nenxergar a real necessidade e exist\u00eancia de Jesus em suas vidas.<\/p>\n\n\n\n<p><strong>Deive\nLeonardo<\/strong><\/p>\n\n\n\n<p>Filho\nde pais evang\u00e9licos, desde a inf\u00e2ncia vive em um lar crist\u00e3o, mas somente aos\n19 anos, ap\u00f3s um encontro especial com Deus, Deive Leonardo se tornou membro na Igreja AD em Joinville (SC) e\npassou a ministrar para jovens e adolescentes, no Brasil e exterior. \u201cEu n\u00e3o aceito perder essa\ngera\u00e7\u00e3o para o mundo.\u201d, afirma. <\/p>\n\n\n\n<p>Al\u00e9m\nde formado em Direito, \u00e9 escritor, com tr\u00eas obras publicadas: &#8220;O Deus que\nme faz chorar&#8221;; &#8220;Ser Diferente #Partiu\u201d e &#8220;O amor mais louco da\nhist\u00f3ria&#8221;. <\/p>\n\n\n\n<p>Seja\nna web, nos eventos ou por meio de seus livros, Deive Leonardo faz parte da rotina e da hist\u00f3ria de milhares de\npessoas, no Brasil e por todo o mundo. <\/p>\n\n\n\n<p>Conhecido\nnas redes sociais como um grande pregador, carregando palavras de paz, o pastor\nfoi capacitado por Deus, sendo seu minist\u00e9rio totalmente focado a atingir\njovens e adolescentes. <\/p>\n\n\n\n<p>Todo\nconte\u00fado \u00e9 desenvolvido visando este p\u00fablico, desde sua linguagem na\nministra\u00e7\u00e3o da palavra, a forma que desenrola o discurso e divulga\u00e7\u00e3o em redes\nsociais, produzindo v\u00eddeos para o YouTube. <\/p>\n\n\n\n<p>&#8220;Chegou\no tempo que minha gera\u00e7\u00e3o ir\u00e1 produzir frutos, pois estamos vivendo uma gera\u00e7\u00e3o\nque ser crist\u00e3o se tornou um mero t\u00edtulo. Precisamos de frutos que permane\u00e7am,\nn\u00e3o de r\u00f3tulos que nos diferenciem, sem que exista uma real diferen\u00e7a.&#8221;,\nanalisa Deive Leonardo.<\/p>\n\n\n\n<p>Focado\nnesta miss\u00e3o, se dedicou e percebeu que seu trabalho estava tendo alcance ao\nreceber contato de centenas de agradecidas pessoas que viram suas vidas\ntransformadas, atrav\u00e9s da palavra de Deive Leonardo. Esse n\u00famero cresceu e\ncontinua se expandindo a cada dia. Atualmente milhares de pessoas est\u00e3o\nconectadas diariamente ao fervor do pastor e youtuber. <\/p>\n\n\n\n<p>No\nInstagram, mais de 3 milh\u00f5es de pessoas acompanham, curtem e compartilham as\nmensagens de for\u00e7a, supera\u00e7\u00e3o e otimismo.&nbsp;\n<\/p>\n\n\n\n<p>Data:&nbsp; 11 de outubro \u2013 sexta-feira&nbsp; <\/p>\n\n\n\n<p>abertura dos port\u00f5es: 19h\n(evento: \u00e0s 20h)<\/p>\n\n\n\n<p>Cidade: palmas-to <\/p>\n\n\n\n<p>local: complexo esportivo do Col\u00e9gio\nMarista&nbsp;&nbsp;&nbsp; <\/p>\n\n\n\n<p><strong>SETORES: <\/strong><\/p>\n\n\n\n<table class=\"wp-block-table\"><tbody><tr><td>\n  ARQUIBANCADA\n  &#8211; MEIA ENTRADA &#8211; MEIA\n  <\/td><td>\n  1\u00ba\n  <\/td><td>\n  R$ 40,00\n  <\/td><\/tr><tr><td>\n  ARQUIBANCADA\n  &#8211; INGRESSO SOLID\u00c1RIO &#8211; PROMOCIONAL\n  <\/td><td>\n  1\u00b0\n  <\/td><td>\n  R$ 40,00\n  <\/td><\/tr><tr><td>\n  PRATA &#8211; MEIA\n  ENTRADA &#8211; MEIA\n  <\/td><td>\n  1\u00b0\n  <\/td><td>\n  R$ 45,00\n  <\/td><\/tr><tr><td>\n  PRATA &#8211;\n  INGRESSO SOLID\u00c1RIO &#8211; PROMOCIONAL\n  <\/td><td>\n  1\u00b0\n  <\/td><td>\n  R$ 45,00\n  <\/td><\/tr><tr><td>\n  OURO &#8211;\n  INGRESSO SOLID\u00c1RIO &#8211; PROMOCIONAL\n  <\/td><td>\n  1\u00b0\n  <\/td><td>\n  R$ 50,00\n  <\/td><\/tr><tr><td>\n  OURO &#8211; MEIA\n  ENTRADA &#8211; MEIA\n  <\/td><td>\n  1\u00b0\n  <\/td><td>\n  R$ 50,00\n  <\/td><\/tr><tr><td>\n  ARQUIBANCADA\n  &#8211; INTEIRA &#8211; INTEIRA\n  <\/td><td>\n  1\u00b0\n  <\/td><td>\n  R$ 80,00\n  <\/td><\/tr><tr><td>\n  PRATA &#8211;\n  INTEIRA &#8211; INTEIRA\n  <\/td><td>\n  1\u00b0\n  <\/td><td>\n  R$ 90,00\n  <\/td><\/tr><tr><td>\n  OURO &#8211;\n  INTEIRA &#8211; INTEIRA\n  <\/td><td>\n  1\u00b0\n  <\/td><td>\n  R$100,00\n  <\/td><\/tr><\/tbody><\/table>\n\n\n\n<p>*Desconto mediante a doa\u00e7\u00e3o de 1 kg de alimento n\u00e3o perec\u00edvel. Entrega na\nentrada do evento.<\/p>\n\n\n\n<p><strong>PONTOS DE INSCRI\u00c7\u00c3O: <\/strong><\/p>\n\n\n\n<p><strong>PALMAS:<\/strong>\n\u00d3TICAS CAROL \u2013 CENTRO, TAQUARALTO E CAPIM DOURADO SHOPPING. <\/p>\n\n\n\n<p><strong>INSCRI\u00c7\u00c3O ONLINE: <\/strong>SITE INGRESSO DIGITAL &#8211; <a href=\"https:\/\/bit.ly\/2KK34QD\">https:\/\/bit.ly\/2KK34QD<\/a> <\/p>\n\n\n\n<p><strong>INFORMA\u00c7\u00d5ES:<\/strong>&nbsp; 63- 9\n9948 3430&nbsp;<\/p>\n","protected":false},"excerpt":{"rendered":"<p>\u201cO Melhor Dia da Minha Vida\u201d \u00e9 pensado para todos aqueles que precisam esquecer as pedras do caminho e olhar para frente com mais perseveran\u00e7a e alegria. O pastor Deive Leonardo, proporcionar\u00e1 um momento repleto de palavras, reflex\u00f5es e conforto no dia 11 de outubro, no complexo esportivo do Col\u00e9gio Marista, \u00e0s 20h, com abertura [&hellip;]<\/p>\n","protected":false},"author":2,"featured_media":3622,"comment_status":"open","ping_status":"open","sticky":false,"template":"","format":"standard","meta":[],"categories":[5],"tags":[],"_links":{"self":[{"href":"https:\/\/dgospel.com.br\/portal\/index.php\/wp-json\/wp\/v2\/posts\/3621"}],"collection":[{"href":"https:\/\/dgospel.com.br\/portal\/index.php\/wp-json\/wp\/v2\/posts"}],"about":[{"href":"https:\/\/dgospel.com.br\/portal\/index.php\/wp-json\/wp\/v2\/types\/post"}],"author":[{"embeddable":true,"href":"https:\/\/dgospel.com.br\/portal\/index.php\/wp-json\/wp\/v2\/users\/2"}],"replies":[{"embeddable":true,"href":"https:\/\/dgospel.com.br\/portal\/index.php\/wp-json\/wp\/v2\/comments?post=3621"}],"version-history":[{"count":1,"href":"https:\/\/dgospel.com.br\/portal\/index.php\/wp-json\/wp\/v2\/posts\/3621\/revisions"}],"predecessor-version":[{"id":3623,"href":"https:\/\/dgospel.com.br\/portal\/index.php\/wp-json\/wp\/v2\/posts\/3621\/revisions\/3623"}],"wp:featuredmedia":[{"embeddable":true,"href":"https:\/\/dgospel.com.br\/portal\/index.php\/wp-json\/wp\/v2\/media\/3622"}],"wp:attachment":[{"href":"https:\/\/dgospel.com.br\/portal\/index.php\/wp-json\/wp\/v2\/media?parent=3621"}],"wp:term":[{"taxonomy":"category","embeddable":true,"href":"https:\/\/dgospel.com.br\/portal\/index.php\/wp-json\/wp\/v2\/categories?post=3621"},{"taxonomy":"post_tag","embeddable":true,"href":"https:\/\/dgospel.com.br\/portal\/index.php\/wp-json\/wp\/v2\/tags?post=3621"}],"curies":[{"name":"wp","href":"https:\/\/api.w.org\/{rel}","templated":true}]}}