{"id":3627,"date":"2019-07-23T12:42:27","date_gmt":"2019-07-23T15:42:27","guid":{"rendered":"http:\/\/dgospel.com.br\/portal\/?p=3627"},"modified":"2019-07-23T12:42:28","modified_gmt":"2019-07-23T15:42:28","slug":"governo-e-investidores-avancam-em-discussao-para-implantacao-de-industria-de-placas-fotovoltaicas","status":"publish","type":"post","link":"https:\/\/dgospel.com.br\/portal\/index.php\/2019\/07\/23\/governo-e-investidores-avancam-em-discussao-para-implantacao-de-industria-de-placas-fotovoltaicas\/","title":{"rendered":"Governo e investidores avan\u00e7am em discuss\u00e3o para implanta\u00e7\u00e3o de ind\u00fastria de placas fotovoltaicas"},"content":{"rendered":"\n<p>Em sua primeira agenda oficial ap\u00f3s reassumir o comando do Poder Executivo Estadual, o governador Mauro Carlesse recebeu um grupo de empres\u00e1rios, que j\u00e1 haviam iniciado junto ao ent\u00e3o governador em exerc\u00edcio, Wanderlei Barbosa, as tratativas para instala\u00e7\u00e3o de uma ind\u00fastria de placas fotovoltaicas no Tocantins. O equipamento \u00e9 utilizado para a produ\u00e7\u00e3o de energia solar.<\/p>\n\n\n\n<p>\u201cEssas reuni\u00f5es s\u00e3o importantes para acompanharmos o andamento dos processos. Hoje, est\u00e3o aqui os secret\u00e1rios que ir\u00e3o cuidar de cada etapa e a nossa preocupa\u00e7\u00e3o \u00e9 sempre gerar empregos. Se a empresa vai criar oportunidade para nossa gente tem o apoio do Governo\u201d, afirmou o Governador.<\/p>\n\n\n\n<p>O vice-governador Wanderlei Barbosa fez a abertura da reuni\u00e3o e informou ao governador Carlesse sobre o andamento dos trabalhos. \u201cAgendamos essa reuni\u00e3o para que as discuss\u00f5es tenham andamento e possamos ver o resultado do trabalho. Estamos prontos para ouvir as reivindica\u00e7\u00f5es dos investidores e dar os encaminhamentos buscando as solu\u00e7\u00f5es. Nossa orienta\u00e7\u00e3o \u00e9 que o projeto seja protocolado na Secretaria de Ind\u00fastria e Com\u00e9rcio e o processo tenha andamento junto \u00e0s demais pastas\u201d, afirmou o Vice-governador.<\/p>\n\n\n\n<p>O presidente da empresa Primavera Importa\u00e7\u00e3o e Exporta\u00e7\u00e3o de Gr\u00e3os, Moacir Vieira, afirmou que os recursos para a implanta\u00e7\u00e3o da ind\u00fastria de placas fotovoltaicas e tamb\u00e9m l\u00e2mpadas de led, vir\u00e3o da China e Cor\u00e9ia do Sul e pelo potencial da empresa a ser implantada, ser\u00e3o gerados 300 empregos diretos. \u201cN\u00f3s j\u00e1 vamos protocolar o projeto e os documentos na Secretaria da Ind\u00fastria e Com\u00e9rcio e vamos seguir trabalhando na implanta\u00e7\u00e3o da f\u00e1brica. O que precisamos do Governo \u00e9 que ofere\u00e7a as condi\u00e7\u00f5es ideais para instalar o empreendimento\u201d, afirmou Vieira.<\/p>\n\n\n\n<p>De acordo com o secret\u00e1rio de Ind\u00fastria e Com\u00e9rcio, Ridoval Chiareloto, a empresa dever\u00e1 apresentar a documenta\u00e7\u00e3o necess\u00e1ria juntamente com o projeto de implanta\u00e7\u00e3o da Ind\u00fastria para ser analisada pelo Conselho de Desenvolvimento Econ\u00f4mico (CDE) e a poss\u00edvel concess\u00e3o de incentivos fiscais voltados \u00e0 instala\u00e7\u00e3o desta modalidade de neg\u00f3cio.<\/p>\n\n\n\n<p>Paralela a essa discuss\u00e3o, a empresa j\u00e1 est\u00e1 em busca de uma \u00e1rea pr\u00f3xima \u00e0 Capital que possa oferecer a log\u00edstica necess\u00e1ria para sua implanta\u00e7\u00e3o, assim como o fornecimento de energia el\u00e9trica suficiente para a instala\u00e7\u00e3o do empreendimento, que em um segundo momento, tamb\u00e9m pretende construir uma usina de energia solar.<\/p>\n\n\n\n<p><strong>Presentes<\/strong><\/p>\n\n\n\n<p>Tamb\u00e9m participaram da reuni\u00e3o, o presidente da Companhia Imobili\u00e1ria do Tocantins (Terratins), Aleandro Lacerda; o diretor de rela\u00e7\u00f5es institucionais da Energisa, Allan Kardec Moreira; o vice-presidente da empresa Primavera, Oscar Yang Young Lee; o prefeito de Silvan\u00f3polis, Genivon Rosa; e a prefeita de Lizarda, Suelene Lustosa (Sussu).<\/p>\n","protected":false},"excerpt":{"rendered":"<p>Em sua primeira agenda oficial ap\u00f3s reassumir o comando do Poder Executivo Estadual, o governador Mauro Carlesse recebeu um grupo de empres\u00e1rios, que j\u00e1 haviam iniciado junto ao ent\u00e3o governador em exerc\u00edcio, Wanderlei Barbosa, as tratativas para instala\u00e7\u00e3o de uma ind\u00fastria de placas fotovoltaicas no Tocantins. O equipamento \u00e9 utilizado para a produ\u00e7\u00e3o de energia [&hellip;]<\/p>\n","protected":false},"author":2,"featured_media":3628,"comment_status":"open","ping_status":"open","sticky":false,"template":"","format":"standard","meta":[],"categories":[4],"tags":[],"_links":{"self":[{"href":"https:\/\/dgospel.com.br\/portal\/index.php\/wp-json\/wp\/v2\/posts\/3627"}],"collection":[{"href":"https:\/\/dgospel.com.br\/portal\/index.php\/wp-json\/wp\/v2\/posts"}],"about":[{"href":"https:\/\/dgospel.com.br\/portal\/index.php\/wp-json\/wp\/v2\/types\/post"}],"author":[{"embeddable":true,"href":"https:\/\/dgospel.com.br\/portal\/index.php\/wp-json\/wp\/v2\/users\/2"}],"replies":[{"embeddable":true,"href":"https:\/\/dgospel.com.br\/portal\/index.php\/wp-json\/wp\/v2\/comments?post=3627"}],"version-history":[{"count":1,"href":"https:\/\/dgospel.com.br\/portal\/index.php\/wp-json\/wp\/v2\/posts\/3627\/revisions"}],"predecessor-version":[{"id":3629,"href":"https:\/\/dgospel.com.br\/portal\/index.php\/wp-json\/wp\/v2\/posts\/3627\/revisions\/3629"}],"wp:featuredmedia":[{"embeddable":true,"href":"https:\/\/dgospel.com.br\/portal\/index.php\/wp-json\/wp\/v2\/media\/3628"}],"wp:attachment":[{"href":"https:\/\/dgospel.com.br\/portal\/index.php\/wp-json\/wp\/v2\/media?parent=3627"}],"wp:term":[{"taxonomy":"category","embeddable":true,"href":"https:\/\/dgospel.com.br\/portal\/index.php\/wp-json\/wp\/v2\/categories?post=3627"},{"taxonomy":"post_tag","embeddable":true,"href":"https:\/\/dgospel.com.br\/portal\/index.php\/wp-json\/wp\/v2\/tags?post=3627"}],"curies":[{"name":"wp","href":"https:\/\/api.w.org\/{rel}","templated":true}]}}