{"id":363,"date":"2018-05-26T10:32:57","date_gmt":"2018-05-26T13:32:57","guid":{"rendered":"http:\/\/dgospel.com.br\/portal\/?p=363"},"modified":"2018-05-26T10:32:57","modified_gmt":"2018-05-26T13:32:57","slug":"carlesse-reune-multidao-na-maior-caminhada-da-campanha-em-araguaina-2","status":"publish","type":"post","link":"https:\/\/dgospel.com.br\/portal\/index.php\/2018\/05\/26\/carlesse-reune-multidao-na-maior-caminhada-da-campanha-em-araguaina-2\/","title":{"rendered":"Carlesse re\u00fane multid\u00e3o na maior caminhada da campanha em Aragua\u00edna"},"content":{"rendered":"<p>O candidato a governador Mauro Carlesse, da coliga\u00e7\u00e3o Governo de Atitude, iniciou o s\u00e1bado, 26, em Aragua\u00edna, realizando a maior caminhada de toda esta campanha visando a elei\u00e7\u00e3o suplementar em 3 de junho. As principais avenidas da maior cidade do norte do Estado est\u00e3o tomadas de apoiadores de Carlesse e d\u00e3o o tom da campanha que mais cresceu e mostra o sentimento de vit\u00f3ria de Carlesse, que toma conta das ruas do Estado.<br \/>\n\u201cEsse mar de gente me deixa muito feliz e mais confiante para ganhar as elei\u00e7\u00f5es e manter a estabilidade que o Tocantins precisa\u201d, disse Carlesse no in\u00edcio da caminhada.<br \/>\nAo lado do prefeito Ronaldo Dimas, dos deputados federais C\u00e9sar Hallum e L\u00e1zaro Botelho, da presidente da Assembleia Legislativa Luana Ribeiro, da deputada Valderez Castelo Branco, do deputado Olyntho Neto, Mauro Carlesse est\u00e1 percorrendo a p\u00e9 as principais vias de Aragua\u00edna e recebendo ainda mais apoio popular visando a vit\u00f3ria nas elei\u00e7\u00f5es de 3 de junho.<\/p>\n<p>&nbsp;<\/p>\n","protected":false},"excerpt":{"rendered":"<p>O candidato a governador Mauro Carlesse, da coliga\u00e7\u00e3o Governo de Atitude, iniciou o s\u00e1bado, 26, em Aragua\u00edna, realizando a maior caminhada de toda esta campanha visando a elei\u00e7\u00e3o suplementar em 3 de junho. As principais avenidas da maior cidade do norte do Estado est\u00e3o tomadas de apoiadores de Carlesse e d\u00e3o o tom da campanha [&hellip;]<\/p>\n","protected":false},"author":2,"featured_media":358,"comment_status":"open","ping_status":"open","sticky":false,"template":"","format":"standard","meta":[],"categories":[2,4],"tags":[],"_links":{"self":[{"href":"https:\/\/dgospel.com.br\/portal\/index.php\/wp-json\/wp\/v2\/posts\/363"}],"collection":[{"href":"https:\/\/dgospel.com.br\/portal\/index.php\/wp-json\/wp\/v2\/posts"}],"about":[{"href":"https:\/\/dgospel.com.br\/portal\/index.php\/wp-json\/wp\/v2\/types\/post"}],"author":[{"embeddable":true,"href":"https:\/\/dgospel.com.br\/portal\/index.php\/wp-json\/wp\/v2\/users\/2"}],"replies":[{"embeddable":true,"href":"https:\/\/dgospel.com.br\/portal\/index.php\/wp-json\/wp\/v2\/comments?post=363"}],"version-history":[{"count":1,"href":"https:\/\/dgospel.com.br\/portal\/index.php\/wp-json\/wp\/v2\/posts\/363\/revisions"}],"predecessor-version":[{"id":364,"href":"https:\/\/dgospel.com.br\/portal\/index.php\/wp-json\/wp\/v2\/posts\/363\/revisions\/364"}],"wp:featuredmedia":[{"embeddable":true,"href":"https:\/\/dgospel.com.br\/portal\/index.php\/wp-json\/wp\/v2\/media\/358"}],"wp:attachment":[{"href":"https:\/\/dgospel.com.br\/portal\/index.php\/wp-json\/wp\/v2\/media?parent=363"}],"wp:term":[{"taxonomy":"category","embeddable":true,"href":"https:\/\/dgospel.com.br\/portal\/index.php\/wp-json\/wp\/v2\/categories?post=363"},{"taxonomy":"post_tag","embeddable":true,"href":"https:\/\/dgospel.com.br\/portal\/index.php\/wp-json\/wp\/v2\/tags?post=363"}],"curies":[{"name":"wp","href":"https:\/\/api.w.org\/{rel}","templated":true}]}}