{"id":3630,"date":"2019-07-23T13:03:39","date_gmt":"2019-07-23T16:03:39","guid":{"rendered":"http:\/\/dgospel.com.br\/portal\/?p=3630"},"modified":"2019-07-23T13:13:09","modified_gmt":"2019-07-23T16:13:09","slug":"motorista-clama-a-deus-e-chuva-apaga-caminhao-em-chamas-acredito-em-um-deus-vivo","status":"publish","type":"post","link":"https:\/\/dgospel.com.br\/portal\/index.php\/2019\/07\/23\/motorista-clama-a-deus-e-chuva-apaga-caminhao-em-chamas-acredito-em-um-deus-vivo\/","title":{"rendered":"Motorista clama a Deus e chuva apaga caminh\u00e3o em chamas: \u201cAcredito em um Deus vivo\u201d"},"content":{"rendered":"\n<p>Quando o motorista Luciano Dalmasio se deparou com seu caminh\u00e3o em chamas na \u00faltima quarta-feira (17), no Maranh\u00e3o, sua rea\u00e7\u00e3o foi&nbsp;<a href=\"https:\/\/guiame.com.br\/gospel\/mundo-cristao\/o-desafio-nao-e-orar-na-crise-mas-continuar-orando-quando-tudo-vai-bem-diz-pastor.html\"><strong>clamar<\/strong><\/a>&nbsp;a Deus. Como resposta, ele viu a chuva cair e apagar o inc\u00eandio. O v\u00eddeo se espalhou pelas redes sociais.<\/p>\n\n\n\n<p>O caminhoneiro, de 45 anos, deixou sua casa em Pi\u00fama, no litoral sul do Esp\u00edrito Santo, para descarregar pneus no Maranh\u00e3o. Quando passava entre os munic\u00edpios de Caxias e Cod\u00f3, percebeu que estava subindo uma fuma\u00e7a da parte de baixo do motor do ve\u00edculo.\u00a0<\/p>\n\n\n\n<p>\u201cNa hora eu parei e pulei. Depois voltei apenas para pegar minha carteira e celular. N\u00e3o deu tempo de pegar mais nada\u201d, disse ele, de acordo com a Gazeta Online.&nbsp;&nbsp;<\/p>\n\n\n\n<p>Luciano conta que na hora s\u00f3 pensou em orar para que uma chuva viesse e apagasse as&nbsp;<a href=\"https:\/\/guiame.com.br\/gospel\/testemunhos\/terroristas-desistem-de-incendiar-igreja-e-se-convertem-apos-terem-visao-de-jesus.html\"><strong>chamas<\/strong><\/a>. \u201cEu acredito em um Deus vivo que olha por n\u00f3s. Na hora eu s\u00f3 pensei em colocar a minha f\u00e9 em a\u00e7\u00e3o e pedi por chuva\u201d, lembra.<\/p>\n\n\n\n<p>As imagens mostram Luciano, em l\u00e1grimas, fazendo uma ora\u00e7\u00e3o em alta voz: \u201cO Senhor n\u00e3o h\u00e1 de me desamparar nesse momento de ang\u00fastia vendo a minha ferramenta de trabalho queimar. Eu n\u00e3o posso fazer nada. S\u00f3 pe\u00e7o que o Senhor mande \u00e1gua para apagar esse fogo e que n\u00e3o queime esse ba\u00fa e nem o que tem dentro dele\u201d, orou o motorista.<\/p>\n\n\n\n<p>Para a surpresa de muitos que estavam no local, a chuva chegou logo ap\u00f3s a ora\u00e7\u00e3o. \u201cA temperatura estava marcando 40 \u00baC e muita gente ficou comovido porque disseram que l\u00e1 fazia tempo que n\u00e3o chovia. Foi Deus\u201d, observa Luciano.<\/p>\n\n\n\n<p>O v\u00eddeo mostra o caminhoneiro agradecendo a Deus pelo que ele chama de milagre. \u201cA minha f\u00e9 prevalece porque eu acredito no meu Deus. Eu pedi a chuva e Ele mandou. N\u00f3s temos que ter f\u00e9 e sermos humildes. Poucos caminhoneiros pararam ou perguntaram se eu estava precisando de alguma coisa. Essa \u00e9 minha ferramenta de trabalho, de onde tiro o sustento da minha fam\u00edlia\u201d.<\/p>\n\n\n\n<p>Luciano, que \u00e9 caminhoneiro h\u00e1 20 anos, j\u00e1 retornou para Pi\u00fama e agradeceu a ajuda que recebeu dos moradores da regi\u00e3o. \u201cO caminh\u00e3o \u00e9 do ano de 2010, revisado e tem seguro, que vai cobrir as despesas. O propriet\u00e1rio \u00e9 Alfredo Chaves e o caminh\u00e3o j\u00e1 est\u00e1 sendo levado pra l\u00e1\u201d, relatou.&nbsp;&nbsp;<\/p>\n\n\n\n<p><strong>Assista:<\/strong><\/p>\n\n\n\n<figure class=\"wp-block-embed-youtube wp-block-embed is-type-video is-provider-youtube wp-embed-aspect-16-9 wp-has-aspect-ratio\"><div class=\"wp-block-embed__wrapper\">\n<iframe loading=\"lazy\" title=\"Caminhoneiro chora ao ver caminh\u00e3o queimado e recebe chuva como milagre\" width=\"630\" height=\"354\" src=\"https:\/\/www.youtube.com\/embed\/7gPQc3j--i0?feature=oembed\" frameborder=\"0\" allow=\"accelerometer; autoplay; encrypted-media; gyroscope; picture-in-picture\" allowfullscreen><\/iframe>\n<\/div><\/figure>\n\n\n\n<p><\/p>\n","protected":false},"excerpt":{"rendered":"<p>Quando o motorista Luciano Dalmasio se deparou com seu caminh\u00e3o em chamas na \u00faltima quarta-feira (17), no Maranh\u00e3o, sua rea\u00e7\u00e3o foi&nbsp;clamar&nbsp;a Deus. Como resposta, ele viu a chuva cair e apagar o inc\u00eandio. O v\u00eddeo se espalhou pelas redes sociais. O caminhoneiro, de 45 anos, deixou sua casa em Pi\u00fama, no litoral sul do Esp\u00edrito [&hellip;]<\/p>\n","protected":false},"author":2,"featured_media":3631,"comment_status":"open","ping_status":"open","sticky":false,"template":"","format":"standard","meta":[],"categories":[5],"tags":[],"_links":{"self":[{"href":"https:\/\/dgospel.com.br\/portal\/index.php\/wp-json\/wp\/v2\/posts\/3630"}],"collection":[{"href":"https:\/\/dgospel.com.br\/portal\/index.php\/wp-json\/wp\/v2\/posts"}],"about":[{"href":"https:\/\/dgospel.com.br\/portal\/index.php\/wp-json\/wp\/v2\/types\/post"}],"author":[{"embeddable":true,"href":"https:\/\/dgospel.com.br\/portal\/index.php\/wp-json\/wp\/v2\/users\/2"}],"replies":[{"embeddable":true,"href":"https:\/\/dgospel.com.br\/portal\/index.php\/wp-json\/wp\/v2\/comments?post=3630"}],"version-history":[{"count":2,"href":"https:\/\/dgospel.com.br\/portal\/index.php\/wp-json\/wp\/v2\/posts\/3630\/revisions"}],"predecessor-version":[{"id":3634,"href":"https:\/\/dgospel.com.br\/portal\/index.php\/wp-json\/wp\/v2\/posts\/3630\/revisions\/3634"}],"wp:featuredmedia":[{"embeddable":true,"href":"https:\/\/dgospel.com.br\/portal\/index.php\/wp-json\/wp\/v2\/media\/3631"}],"wp:attachment":[{"href":"https:\/\/dgospel.com.br\/portal\/index.php\/wp-json\/wp\/v2\/media?parent=3630"}],"wp:term":[{"taxonomy":"category","embeddable":true,"href":"https:\/\/dgospel.com.br\/portal\/index.php\/wp-json\/wp\/v2\/categories?post=3630"},{"taxonomy":"post_tag","embeddable":true,"href":"https:\/\/dgospel.com.br\/portal\/index.php\/wp-json\/wp\/v2\/tags?post=3630"}],"curies":[{"name":"wp","href":"https:\/\/api.w.org\/{rel}","templated":true}]}}