{"id":3642,"date":"2019-07-24T09:41:57","date_gmt":"2019-07-24T12:41:57","guid":{"rendered":"http:\/\/dgospel.com.br\/portal\/?p=3642"},"modified":"2019-07-24T09:41:59","modified_gmt":"2019-07-24T12:41:59","slug":"prefeitura-divulga-lista-final-dos-aprovados-para-o-13o-festival-gastronomico-de-taquarucu","status":"publish","type":"post","link":"https:\/\/dgospel.com.br\/portal\/index.php\/2019\/07\/24\/prefeitura-divulga-lista-final-dos-aprovados-para-o-13o-festival-gastronomico-de-taquarucu\/","title":{"rendered":"Prefeitura divulga lista final dos aprovados para o 13\u00ba Festival Gastron\u00f4mico de Taquaru\u00e7u"},"content":{"rendered":"\n<p>Ap\u00f3s per\u00edodo de recursos, que aconteceu do dia 15 a 19 de julho, e readequa\u00e7\u00e3o das vagas, a Prefeitura Municipal de Palmas, por meio da Ag\u00eancia Municipal de Turismo (Agtur) divulgou na noite desta ter\u00e7a-feira, 24, no&nbsp;<a rel=\"noreferrer noopener\" target=\"_blank\" href=\"http:\/\/diariooficial.palmas.to.gov.br\/media\/diario\/2289-23-7-2019-20-52-14.pdf\">Di\u00e1rioOficial do Munic\u00edpio<\/a>, os 59 pratos aprovados para concorrer no 13\u00ba Festival Gastron\u00f4mico de Taquaru\u00e7u (FGT), que acontecer\u00e1 entre os dias 04 a 08 de setembro, no distrito de Taquaru\u00e7u.<\/p>\n\n\n\n<p>Ap\u00f3s n\u00e3o ter nenhum recurso deferido, e para completar as 59 vagas disponibilizadas para a disputa gastron\u00f4mica, sendo que apenas 56 foram aprovados, seguindo o que consta no item 4.2.1 do edital do FGT, das tr\u00eas vagas remanescentes das cotas e\/ou n\u00e3o atingiram o n\u00famero de inscritos, ou nota suficientes para aprova\u00e7\u00e3o, tr\u00eas delas subiram para categoria aprovados por aproveitamento de notas.<\/p>\n\n\n\n<p>Foram 145 pratos inscritos e avaliados pelos jurados t\u00e9cnicos, formado por profissionais das \u00e1reas de alimentos e bebidas de Palmas indicado pela Associa\u00e7\u00e3o Brasileira de Bares e Restaurantes (Abrasel-Tocantins). Os pratos foram divididos em quatro categorias, distribu\u00eddas em 75 vagas, que s\u00e3o elas: Comidinhas Salgadas, Pratos Salgados, Pratos Doces e para Food Truck, no entanto, considerando a nota m\u00e9dia de 70 pontos, nem todas as categorias os pratos atingiram esta nota, sendo assim, automaticamente desclassificados.<\/p>\n\n\n\n<p>O presidente da Agtur, Eudes Assis, ressalta a import\u00e2ncia da pr\u00f3xima fase, que s\u00e3o os cursos de Higiene Pessoal e Manipula\u00e7\u00e3o de Alimentos e Empreendedorismo oferecidos pela Abrasel e Servi\u00e7o Brasileiro de Apoio \u00e0s Micro e Pequenas Empresas no Tocantins (Sebrae-TO).&nbsp; \u201cO Festival virou uma vitrine para os empreendedores da gastronomia na nossa cidade, por isso, \u00e9 importante a an\u00e1lise rigorosa dos jurados, agora na pr\u00f3xima etapa, que estes estejam trabalhando dentro das normas sanit\u00e1rias, e que possam ter sucesso nos seus empreendimentos. \u00c9 importante lembrar que todos os classificados devem obrigatoriamente passar pelos cursos qualifica\u00e7\u00e3o\u201d, ressaltou o gestor.<\/p>\n\n\n\n<p>Assis tamb\u00e9m faz quest\u00e3o de lembrar aos participantes que os cursos de Higiene Pessoal e Manipula\u00e7\u00e3o de Alimentos e Empreendedorismo acontecer\u00e3o no m\u00eas de agosto, e ter\u00e3o data divulgada no Di\u00e1rio Oficial do Munic\u00edpio. Ele explica que al\u00e9m de participar dos cursos de capacita\u00e7\u00e3o, os concorrentes devem apresentar o certificado de conclus\u00e3o dos cursos, sob pena de desclassifica\u00e7\u00e3o.<\/p>\n\n\n\n<p><strong>Premia\u00e7\u00e3o<\/strong><\/p>\n\n\n\n<p>Quanto \u00e0 premia\u00e7\u00e3o, neste ano houve acr\u00e9scimo de mil reais aos primeiros colocados. A divis\u00e3o ficou da seguinte forma para as quatro categorias:<br><\/p>\n\n\n\n<p>1\u00b0 lugar &#8211; R$ 6 mil<\/p>\n\n\n\n<p>2\u00b0 lugar &#8211; R$ 2 mil<\/p>\n\n\n\n<p>3\u00ba lugar \u2013 R$ 1 mil<\/p>\n\n\n\n<p><strong>Pre\u00e7os<\/strong><\/p>\n\n\n\n<p>Este ano os pratos ser\u00e3o comercializados pelos seguintes valores, conforme suas categorias: as Comidinhas Salgadas de R$ 10 a R$ 12; os Pratos Salgados de R$ 10 a R$ 14; os Pratos Doces de R$ 8 a R$ 10; para Food Truck de R$ 10 a R$ 12 e para Restaurantes e Empreendimentos Tur\u00edsticos de Taquaru\u00e7u\/Taquaru\u00e7u Grande de R$ 10 a R$ 50.<\/p>\n\n\n\n<p><strong>Confira a lista dos pratos aprovados:<\/strong><br><\/p>\n\n\n\n<p><strong>Ampla Concorr\u00eancia<\/strong><br><\/p>\n\n\n\n<p><strong>Prato Salgado<\/strong><br><\/p>\n\n\n\n<p>Nat\u00e1lia de Jesus Barbosa &nbsp;&#8211; Barca do Cerrado<\/p>\n\n\n\n<p>Meire das Gra\u00e7as Giorni &nbsp;&#8211; Taquarachamba<\/p>\n\n\n\n<p>Josany da Silva Sousa &#8211; Costelinha de Tambaqui a dor\u00ea<\/p>\n\n\n\n<p>Elisvaldo Marques dos Santos &#8211; Peixe no Palito<\/p>\n\n\n\n<p>Claisson Antonio Portilho &#8211; Sertanejo<\/p>\n\n\n\n<p>Tallyta Silvestre Martins &#8211; Bar\u00e3o da Serra<\/p>\n\n\n\n<p>Jandira Aires Leide Marques &#8211; Surubim no Espeto<\/p>\n\n\n\n<p>D\u00e9bora Almeida Lima Oliveira &#8211; Nhoque Tocantinense<\/p>\n\n\n\n<p>Heverton Marinho Lacerda &#8211; Jacada Tocantinense<\/p>\n\n\n\n<p>&nbsp;Raphael Crisanto de Queiroz Franklin &#8211; Temaki de Pirarucu<\/p>\n\n\n\n<p>Maria Helena Rodrigues Silva &#8211; Amor e Tempero<\/p>\n\n\n\n<p>Nayara Gomes Costa Amorim &#8211; Risoto de Carne de Sol<\/p>\n\n\n\n<p><strong>Comidinha Salgada<\/strong><\/p>\n\n\n\n<p>Katia Cilene Pereira Silva Taco Tocantinense<\/p>\n\n\n\n<p>Morgana Lima de Sousa Martins Pastel Franga\u00e7a do Cerrado<\/p>\n\n\n\n<p>Ana Paula Tavares de Oliven\u00e7a Buraco Negro<\/p>\n\n\n\n<p>Aline Ang\u00e9lica Soares de Carvalho Pastel de Strogonoff de Surubim<\/p>\n\n\n\n<p>Naely Ara\u00fajo de Deus Costelaburguer<\/p>\n\n\n\n<p>Pedro Ara\u00fajo Rodrigues Trem bom do Cerrado<\/p>\n\n\n\n<p>Mari\u00e2ngela Dal Ponte Trintou Palmas Pastel<\/p>\n\n\n\n<p>Tallyane Lima Vieira Bamba Tocantinense<\/p>\n\n\n\n<p>Iraci de Ara\u00fajo Alves Bolinho de Chambari<\/p>\n\n\n\n<p>Luciely de Oliveira Silva Namburguer da Terra<\/p>\n\n\n\n<p>Claci Maria Benati Cestinha de Mandioca<\/p>\n\n\n\n<p>Jacqueline Kerle Gomes Chambari Love<\/p>\n\n\n\n<p>Maria Ribeiro Lima de Sousa Pastel Cangaceiro do Norte 80,67 Aprovado<\/p>\n\n\n\n<p>Maria Helena Rocha Nascimento Bolinho de Pirarucu 80,67 Aprovado<\/p>\n\n\n\n<p>Mateus Rodrigues Sousa Nascimento \u2013 Dadinho de tapioca<\/p>\n\n\n\n<p><strong>Prato Doce<\/strong><\/p>\n\n\n\n<p>Eliene Aguiar de Jesus &#8211; Cupua\u00e7u Crocante<\/p>\n\n\n\n<p>Lara Jordana Alves &#8211; A\u00e7a\u00ed flambado<\/p>\n\n\n\n<p>Patriciana Ferreira Alves Silva &#8211; Torta A\u00e7aicupubar\u00fa<\/p>\n\n\n\n<p>Jakelynny Cussi Brasileiro Pereira Dias Cream &#8211; Cake do Cerrado<\/p>\n\n\n\n<p>Vera Lucia de Melo &#8211; Torta de Banana com Creme Baba\u00e7u<\/p>\n\n\n\n<p>Simone Reis da Silva &#8211; Cocada de Tabuleiro<\/p>\n\n\n\n<p>Maria das Neves Sheila de Oliveira &#8211; Bolo Gelado Babacoco<\/p>\n\n\n\n<p>Mirian Moreira. Silvestre Tavares &#8211; Caj\u00e1ninho do Cerrado<\/p>\n\n\n\n<p>Jo\u00e3o Victor Silvestre Rocha &#8211; Tudo de bom<\/p>\n\n\n\n<p>Marcos Pereira da Cruz &#8211; Pudim Crocante de Baba\u00e7u<\/p>\n\n\n\n<p><strong>Food Truck<\/strong><\/p>\n\n\n\n<p>Jairo Mesquita Sousa &#8211; Big Max<\/p>\n\n\n\n<p>Bruno Boaventura &#8211; Taquaras Burgues Angus<\/p>\n\n\n\n<p>Thaynara Alves Luana &#8211; Hamb\u00farguer Cangaceiro<\/p>\n\n\n\n<p>Luiz Phelipe Haddad Ara\u00fajo &#8211; Cajueira Burguer<\/p>\n\n\n\n<p>Suzana Lima Martins &#8211; Panqueca Ouro do Cerrado<\/p>\n\n\n\n<p><strong>Restaurantes e empreendimentos tur\u00edsticos<\/strong><\/p>\n\n\n\n<p>Sabor da Serra &#8211; Chambarilove<\/p>\n\n\n\n<p>Aldeia da Serra &#8211; Bob\u00f3 de camar\u00e3o com baba\u00e7u<\/p>\n\n\n\n<p>Celias Restaurante &#8211; Maria Isabel de pirarucu<\/p>\n\n\n\n<p>&nbsp;Rota dos sabores &#8211; Tudo de bom<\/p>\n\n\n\n<p>Casa das Flores &#8211; Risoto savana<\/p>\n\n\n\n<p>Vila dos Sabores &#8211; Tucunar\u00e9 da vila<\/p>\n\n\n\n<p>Cachoeira da Roncadeira &#8211; Tapiocaf\u00e9<\/p>\n\n\n\n<p>Est\u00e2ncia Machado &#8211; Frango caipira \u00e0 moda goiana<\/p>\n\n\n\n<p>Pote de Ouro &#8211; Beiju de Ouro<\/p>\n\n\n\n<p><strong>Classificado via cota<\/strong><\/p>\n\n\n\n<p><strong>Prato Salgado<\/strong><\/p>\n\n\n\n<p>M\u00e1rio Ben\u00edcio dos Santos &#8211; Kaba\u00e7u<\/p>\n\n\n\n<p>Andr\u00e9 Adriano de Lima &#8211; Sabor da Massa<\/p>\n\n\n\n<p>Maria do Socorro N. Cavalcante &#8211; Arrumadinho da Help<\/p>\n\n\n\n<p><strong>Comidinha Salgada<\/strong><\/p>\n\n\n\n<p>Andr\u00e9a Pereira da Silva Costa &#8211; Acaraj\u00e9 Tocantinense<\/p>\n\n\n\n<p>&nbsp;Maria Jos\u00e9 Fernandes de Souza &#8211; Taboquinha Surpresa<\/p>\n\n\n\n<p><strong>Aprovados segundo o item 4.2.1 do edital (vagas n\u00e3o preenchidas pelos inscritos na cota ser\u00e3o ofertadas aos inscritos da ampla concorr\u00eancia)<\/strong><\/p>\n\n\n\n<p><strong>Comidinha salgada<\/strong><br><\/p>\n\n\n\n<p>Ana Celis de Soares de Carvalho &#8211; Creme de Surubim<\/p>\n\n\n\n<p>Robson Correa Soares &#8211; Pastel Xis Burgues<\/p>\n\n\n\n<p><strong>Prato Doce<\/strong><br><\/p>\n\n\n\n<p>Lais Ben\u00edcio Martins &#8211; Brownie da Lis&nbsp;<br><\/p>\n","protected":false},"excerpt":{"rendered":"<p>Ap\u00f3s per\u00edodo de recursos, que aconteceu do dia 15 a 19 de julho, e readequa\u00e7\u00e3o das vagas, a Prefeitura Municipal de Palmas, por meio da Ag\u00eancia Municipal de Turismo (Agtur) divulgou na noite desta ter\u00e7a-feira, 24, no&nbsp;Di\u00e1rioOficial do Munic\u00edpio, os 59 pratos aprovados para concorrer no 13\u00ba Festival Gastron\u00f4mico de Taquaru\u00e7u (FGT), que acontecer\u00e1 entre [&hellip;]<\/p>\n","protected":false},"author":2,"featured_media":3643,"comment_status":"open","ping_status":"open","sticky":false,"template":"","format":"standard","meta":[],"categories":[3],"tags":[],"_links":{"self":[{"href":"https:\/\/dgospel.com.br\/portal\/index.php\/wp-json\/wp\/v2\/posts\/3642"}],"collection":[{"href":"https:\/\/dgospel.com.br\/portal\/index.php\/wp-json\/wp\/v2\/posts"}],"about":[{"href":"https:\/\/dgospel.com.br\/portal\/index.php\/wp-json\/wp\/v2\/types\/post"}],"author":[{"embeddable":true,"href":"https:\/\/dgospel.com.br\/portal\/index.php\/wp-json\/wp\/v2\/users\/2"}],"replies":[{"embeddable":true,"href":"https:\/\/dgospel.com.br\/portal\/index.php\/wp-json\/wp\/v2\/comments?post=3642"}],"version-history":[{"count":1,"href":"https:\/\/dgospel.com.br\/portal\/index.php\/wp-json\/wp\/v2\/posts\/3642\/revisions"}],"predecessor-version":[{"id":3644,"href":"https:\/\/dgospel.com.br\/portal\/index.php\/wp-json\/wp\/v2\/posts\/3642\/revisions\/3644"}],"wp:featuredmedia":[{"embeddable":true,"href":"https:\/\/dgospel.com.br\/portal\/index.php\/wp-json\/wp\/v2\/media\/3643"}],"wp:attachment":[{"href":"https:\/\/dgospel.com.br\/portal\/index.php\/wp-json\/wp\/v2\/media?parent=3642"}],"wp:term":[{"taxonomy":"category","embeddable":true,"href":"https:\/\/dgospel.com.br\/portal\/index.php\/wp-json\/wp\/v2\/categories?post=3642"},{"taxonomy":"post_tag","embeddable":true,"href":"https:\/\/dgospel.com.br\/portal\/index.php\/wp-json\/wp\/v2\/tags?post=3642"}],"curies":[{"name":"wp","href":"https:\/\/api.w.org\/{rel}","templated":true}]}}