{"id":365,"date":"2018-05-28T09:23:58","date_gmt":"2018-05-28T12:23:58","guid":{"rendered":"http:\/\/dgospel.com.br\/portal\/?p=365"},"modified":"2018-05-28T09:23:58","modified_gmt":"2018-05-28T12:23:58","slug":"moradores-interditam-ponte-que-liga-palmas-a-paraiso-que-cobram-melhorias-no-distrito-de-luzimangues","status":"publish","type":"post","link":"https:\/\/dgospel.com.br\/portal\/index.php\/2018\/05\/28\/moradores-interditam-ponte-que-liga-palmas-a-paraiso-que-cobram-melhorias-no-distrito-de-luzimangues\/","title":{"rendered":"Moradores interditam ponte que liga Palmas a Para\u00edso que cobram melhorias no distrito de Luzimangues"},"content":{"rendered":"<p>A ponte Fernando Henrique Cardoso, que liga Palmas a Para\u00edso do Tocantins, foi interditada na manh\u00e3 desta segunda-feira (28). O bloqueio come\u00e7ou por volta das 6h30 e terminou \u00e0s 7h30. O ato \u00e9 realizado por moradores que cobram melhorias no distrito de Luzimangues e n\u00e3o est\u00e1 relacionado \u00e0 greve dos caminhoneiros.<\/p>\n<p style=\"font-style: inherit; font-weight: inherit;\" data-track-category=\"Link no Texto\" data-track-links=\"\">Por causa do protesto, uma fila gigante de carros se formou no local. A ponte tem um alto fluxo de ve\u00edculos principalmente no in\u00edcio da manh\u00e3 e fim da tarde. Os moradores pedem, entre outras medidas, transporte escolar de qualidade, creches e a redu\u00e7\u00e3o dos valores no IPTU.<\/p>\n<p style=\"font-style: inherit; font-weight: inherit;\" data-track-category=\"Link no Texto\" data-track-links=\"\">Luzimangues \u00e9 distrito de Porto Nacional e tem 20 mil habitantes. Ap\u00f3s o ato na ponte, moradores foram at\u00e9 a subprefeitura e esperam para falar com o prefeito de Porto Nacional, Joaquim Maia. &#8220;A urg\u00eancia \u00e9 com rela\u00e7\u00e3o a entrega da UPA, que n\u00e3o foi conclu\u00edda. Esperamos a entrega da unidade h\u00e1 mais de um ano. N\u00f3s s\u00f3 temos uma unidade e ela atende 20 mil moradores. Quem precisa, muitas vezes, precisa ir a Palmas&#8221;, disse um dos organizadores do movimento, Roberto Sousa.<\/p>\n<p style=\"font-style: inherit; font-weight: inherit;\" data-track-category=\"Link no Texto\" data-track-links=\"\">A popula\u00e7\u00e3o tamb\u00e9m pede outras melhorias. &#8220;N\u00f3s queremos que os recursos captados sejam aplicados aqui. N\u00f3s n\u00e3o temos escolas suficientes, t\u00eam crian\u00e7as fora das escolas, a coleta de lixo \u00e9 ineficiente e o transporte escolar \u00e9 prec\u00e1rio&#8221;, reclamou o presidente da Associa\u00e7\u00e3o Comunit\u00e1ria de Luta pela Emancipa\u00e7\u00e3o do distrito de Luzimangues, Edson Pires de Almeida.<\/p>\n<p>&nbsp;<\/p>\n<p>Fonte: <strong>G1 Tocantins<\/strong><\/p>\n","protected":false},"excerpt":{"rendered":"<p>A ponte Fernando Henrique Cardoso, que liga Palmas a Para\u00edso do Tocantins, foi interditada na manh\u00e3 desta segunda-feira (28). O bloqueio come\u00e7ou por volta das 6h30 e terminou \u00e0s 7h30. O ato \u00e9 realizado por moradores que cobram melhorias no distrito de Luzimangues e n\u00e3o est\u00e1 relacionado \u00e0 greve dos caminhoneiros. Por causa do protesto, [&hellip;]<\/p>\n","protected":false},"author":2,"featured_media":366,"comment_status":"open","ping_status":"open","sticky":false,"template":"","format":"standard","meta":[],"categories":[2,3],"tags":[],"_links":{"self":[{"href":"https:\/\/dgospel.com.br\/portal\/index.php\/wp-json\/wp\/v2\/posts\/365"}],"collection":[{"href":"https:\/\/dgospel.com.br\/portal\/index.php\/wp-json\/wp\/v2\/posts"}],"about":[{"href":"https:\/\/dgospel.com.br\/portal\/index.php\/wp-json\/wp\/v2\/types\/post"}],"author":[{"embeddable":true,"href":"https:\/\/dgospel.com.br\/portal\/index.php\/wp-json\/wp\/v2\/users\/2"}],"replies":[{"embeddable":true,"href":"https:\/\/dgospel.com.br\/portal\/index.php\/wp-json\/wp\/v2\/comments?post=365"}],"version-history":[{"count":1,"href":"https:\/\/dgospel.com.br\/portal\/index.php\/wp-json\/wp\/v2\/posts\/365\/revisions"}],"predecessor-version":[{"id":367,"href":"https:\/\/dgospel.com.br\/portal\/index.php\/wp-json\/wp\/v2\/posts\/365\/revisions\/367"}],"wp:featuredmedia":[{"embeddable":true,"href":"https:\/\/dgospel.com.br\/portal\/index.php\/wp-json\/wp\/v2\/media\/366"}],"wp:attachment":[{"href":"https:\/\/dgospel.com.br\/portal\/index.php\/wp-json\/wp\/v2\/media?parent=365"}],"wp:term":[{"taxonomy":"category","embeddable":true,"href":"https:\/\/dgospel.com.br\/portal\/index.php\/wp-json\/wp\/v2\/categories?post=365"},{"taxonomy":"post_tag","embeddable":true,"href":"https:\/\/dgospel.com.br\/portal\/index.php\/wp-json\/wp\/v2\/tags?post=365"}],"curies":[{"name":"wp","href":"https:\/\/api.w.org\/{rel}","templated":true}]}}