{"id":3651,"date":"2019-07-26T10:32:19","date_gmt":"2019-07-26T13:32:19","guid":{"rendered":"http:\/\/dgospel.com.br\/portal\/?p=3651"},"modified":"2019-07-26T10:32:20","modified_gmt":"2019-07-26T13:32:20","slug":"cidadania-e-justica-e-educacao-discutem-ampliacao-da-oferta-de-ensino-nas-unidades-prisionais","status":"publish","type":"post","link":"https:\/\/dgospel.com.br\/portal\/index.php\/2019\/07\/26\/cidadania-e-justica-e-educacao-discutem-ampliacao-da-oferta-de-ensino-nas-unidades-prisionais\/","title":{"rendered":"Cidadania e Justi\u00e7a e Educa\u00e7\u00e3o discutem amplia\u00e7\u00e3o da oferta de ensino nas unidades prisionais"},"content":{"rendered":"\n<p>A educa\u00e7\u00e3o dentro das unidades prisionais \u00e9 um instrumento de transforma\u00e7\u00e3o e ressocializa\u00e7\u00e3o garantido pela Lei de Execu\u00e7\u00e3o Penal. Diante dessa prerrogativa gestores das Secretarias de Estado da Cidadania e Justi\u00e7a (Seciju) e da Educa\u00e7\u00e3o, Juventude e Esportes (Seduc) se reuniram na \u00faltima quarta-feira, 24, com intuito de alinhar o fluxo de trabalho a fim de garantir o acesso dos reeducandos ao ensino formal.<\/p>\n\n\n\n<p>Durante a reuni\u00e3o foram discutidas novas propostas para melhoria da oferta de educa\u00e7\u00e3o nas casas penais do Estado. Entre os assuntos abordados, est\u00e3o \u00e0 implanta\u00e7\u00e3o de oito novas turmas dentro das unidades e a qualifica\u00e7\u00e3o de professores para aturarem no ambiente carcer\u00e1rio. Al\u00e9m disso, os gestores e servidores respons\u00e1veis pelo setor tamb\u00e9m trataram sobre a organiza\u00e7\u00e3o de um calend\u00e1rio espec\u00edfico para os Sistemas Penitenci\u00e1rio e Prisional, com o intuito de adequar a disponibiliza\u00e7\u00e3o de ensino de acordo com as demandas do sistema.<\/p>\n\n\n\n<p>O secret\u00e1rio executivo da Cidadania e Justi\u00e7a, Geraldo Cabral, ressaltou a import\u00e2ncia da parceria entre as secretarias para o avan\u00e7o do oferecimento de educa\u00e7\u00e3o nas unidades prisionais. \u201cA oferta de educa\u00e7\u00e3o \u00e9 de responsabilidade da Seduc, entretanto, no ambiente carcer\u00e1rio a mesma s\u00f3 \u00e9 realizada em parceria com a Seciju que garante a seguran\u00e7a e estrutura adequada para reeducandos e professores. Dessa forma, a reuni\u00e3o colaborou para o avan\u00e7o nas condi\u00e7\u00f5es de ensino dentro do sistema prisional e foram discutidas demandas referentes \u00e0 oferta de ensino para o pr\u00f3ximo semestre\u201d, explicou. &nbsp;<\/p>\n\n\n\n<p><strong>Novas turmas<\/strong><\/p>\n\n\n\n<p>Mais vagas ser\u00e3o disponibilizadas para os reeducandos interessados em ter acesso \u00e0 educa\u00e7\u00e3o, ou seja, oito turmas novas ser\u00e3o formadas durante o segundo semestre de 2019. Sendo que tr\u00eas turmas ser\u00e3o criadas em unidades que ainda n\u00e3o ofertavam educa\u00e7\u00e3o formal, sendo elas: Cadeia P\u00fablica de Barrol\u00e2ndia, Cadeia P\u00fablica de Cristal\u00e2ndia e Casa de Pris\u00e3o Provis\u00f3ria de Dian\u00f3polis. E as outras cinco turmas ser\u00e3o distribu\u00eddas para a Cadeia P\u00fablica de Augustin\u00f3polis, Cadeia P\u00fablica de Miracema, Unidade de Tratamento Penal Barra da Grota, Casa de Pris\u00e3o Provis\u00f3ria de Porto Nacional e de Palmas.<\/p>\n\n\n\n<p>De acordo com a Agente Analista de Execu\u00e7\u00e3o Penal e respons\u00e1vel t\u00e9cnica pela assist\u00eancia educacional da Seciju, Renata Keli Duarte, a oferta de novas turmas no sistema ir\u00e1 iniciar ainda em agosto. \u201cO in\u00edcio das aulas onde j\u00e1 ocorre o processo de escolariza\u00e7\u00e3o ser\u00e1 dia 1\u00ba de agosto, j\u00e1 as novas turmas ir\u00e3o come\u00e7ar de maneira gradativa ao longo do mesmo m\u00eas. O aumento na oferta ir\u00e1 contribuir para o processo de ressocializa\u00e7\u00e3o dentro das unidades prisionais, pois a educa\u00e7\u00e3o \u00e9 um direito de todos e auxilia na reinser\u00e7\u00e3o do reeducando na sociedade\u201d, ressaltou.<\/p>\n","protected":false},"excerpt":{"rendered":"<p>A educa\u00e7\u00e3o dentro das unidades prisionais \u00e9 um instrumento de transforma\u00e7\u00e3o e ressocializa\u00e7\u00e3o garantido pela Lei de Execu\u00e7\u00e3o Penal. Diante dessa prerrogativa gestores das Secretarias de Estado da Cidadania e Justi\u00e7a (Seciju) e da Educa\u00e7\u00e3o, Juventude e Esportes (Seduc) se reuniram na \u00faltima quarta-feira, 24, com intuito de alinhar o fluxo de trabalho a fim [&hellip;]<\/p>\n","protected":false},"author":2,"featured_media":3652,"comment_status":"open","ping_status":"open","sticky":false,"template":"","format":"standard","meta":[],"categories":[3],"tags":[],"_links":{"self":[{"href":"https:\/\/dgospel.com.br\/portal\/index.php\/wp-json\/wp\/v2\/posts\/3651"}],"collection":[{"href":"https:\/\/dgospel.com.br\/portal\/index.php\/wp-json\/wp\/v2\/posts"}],"about":[{"href":"https:\/\/dgospel.com.br\/portal\/index.php\/wp-json\/wp\/v2\/types\/post"}],"author":[{"embeddable":true,"href":"https:\/\/dgospel.com.br\/portal\/index.php\/wp-json\/wp\/v2\/users\/2"}],"replies":[{"embeddable":true,"href":"https:\/\/dgospel.com.br\/portal\/index.php\/wp-json\/wp\/v2\/comments?post=3651"}],"version-history":[{"count":1,"href":"https:\/\/dgospel.com.br\/portal\/index.php\/wp-json\/wp\/v2\/posts\/3651\/revisions"}],"predecessor-version":[{"id":3653,"href":"https:\/\/dgospel.com.br\/portal\/index.php\/wp-json\/wp\/v2\/posts\/3651\/revisions\/3653"}],"wp:featuredmedia":[{"embeddable":true,"href":"https:\/\/dgospel.com.br\/portal\/index.php\/wp-json\/wp\/v2\/media\/3652"}],"wp:attachment":[{"href":"https:\/\/dgospel.com.br\/portal\/index.php\/wp-json\/wp\/v2\/media?parent=3651"}],"wp:term":[{"taxonomy":"category","embeddable":true,"href":"https:\/\/dgospel.com.br\/portal\/index.php\/wp-json\/wp\/v2\/categories?post=3651"},{"taxonomy":"post_tag","embeddable":true,"href":"https:\/\/dgospel.com.br\/portal\/index.php\/wp-json\/wp\/v2\/tags?post=3651"}],"curies":[{"name":"wp","href":"https:\/\/api.w.org\/{rel}","templated":true}]}}