{"id":3654,"date":"2019-07-26T10:41:05","date_gmt":"2019-07-26T13:41:05","guid":{"rendered":"http:\/\/dgospel.com.br\/portal\/?p=3654"},"modified":"2019-07-26T10:41:06","modified_gmt":"2019-07-26T13:41:06","slug":"palmas-recebe-18o-forum-de-governadores-da-amazonia-legal-confira-a-programacao","status":"publish","type":"post","link":"https:\/\/dgospel.com.br\/portal\/index.php\/2019\/07\/26\/palmas-recebe-18o-forum-de-governadores-da-amazonia-legal-confira-a-programacao\/","title":{"rendered":"Palmas recebe 18\u00ba F\u00f3rum de Governadores da Amaz\u00f4nia Legal; Confira a programa\u00e7\u00e3o"},"content":{"rendered":"\n<p>Porta de entrada da Amaz\u00f4nia Legal, o Tocantins mais uma vez vai sediar uma reuni\u00e3o do F\u00f3rum de Governadores que re\u00fane os gestores que integram a regi\u00e3o. A 18\u00aa edi\u00e7\u00e3o vai acontecer entre os dias 1\u00ba e 2 de agosto, em Palmas.<\/p>\n\n\n\n<p>Devem comparecer \u00e0 reuni\u00e3o os governadores dos estados do Acre, Amap\u00e1, Amazonas, Maranh\u00e3o, Mato Grosso, Roraima, Par\u00e1, Rond\u00f4nia e Tocantins, al\u00e9m de secret\u00e1rios de Estado e t\u00e9cnicos de Governo.<\/p>\n\n\n\n<p>A 18\u00aa edi\u00e7\u00e3o do F\u00f3rum vai debater o papel, a import\u00e2ncia e as oportunidades para o desenvolvimento sustent\u00e1vel da regi\u00e3o e tamb\u00e9m o alinhamento do planejamento estrat\u00e9gico do grupo para este segundo semestre deste ano.<\/p>\n\n\n\n<p><strong>Programa\u00e7\u00e3o do dia 1\u00ba de Agosto<\/strong><\/p>\n\n\n\n<p>Na pr\u00f3xima quinta-feira, 1\u00ba de agosto, o evento iniciar\u00e1 \u00e0s 8h30, no Instituto de Contas (Tribunal de Contas do Estado (TCE\/TO)), com o credenciamento dos presentes. \u00c0s 8h45 est\u00e1 previsto o in\u00edcio das reuni\u00f5es das C\u00e2maras Setoriais (Comunica\u00e7\u00e3o P\u00fablica; Cons\u00f3rcio Interestadual; Meio Ambiente e Desenvolvimento Sustent\u00e1vel e, Seguran\u00e7a P\u00fablica) e reuni\u00e3o do Conselho de Administra\u00e7\u00e3o.<\/p>\n\n\n\n<p>Na pauta da Reuni\u00e3o Ordin\u00e1ria do Conselho de Administra\u00e7\u00e3o est\u00e1 o planejamento estrat\u00e9gico, proposta de coopera\u00e7\u00e3o do Fundo Brasileiro para a Biodiversidade (Funbio), implementa\u00e7\u00e3o da carteira de projetos, acompanhamento da agenda de trabalho das c\u00e2maras setoriais, assuntos administrativos, Estatuto e Carta de Palmas.<\/p>\n\n\n\n<p>J\u00e1 as C\u00e2maras Tem\u00e1ticas v\u00e3o se reunir para debater e elaborar o plano de a\u00e7\u00e3o setorial para o 2\u00ba semestre de 2019. Os eventos do dia 1\u00ba devem se encerar \u00e0s 18h30, com os fechamentos das proposi\u00e7\u00f5es e encaminhamentos finais.<\/p>\n\n\n\n<p><strong>Programa\u00e7\u00e3o do dia 2 de Agosto<\/strong><\/p>\n\n\n\n<p>Na sexta-feira, 2, os chefes de Estado ser\u00e3o recepcionados pelo Governador do Tocantins, Mauro Carlesse, \u00e0s 8h15, para um caf\u00e9 da manh\u00e3 privativo, em seu Gabinete, no Pal\u00e1cio Araguaia, em Palmas.<\/p>\n\n\n\n<p>\u00c0s 8h45, ocorrer\u00e1 na Sala de Reuni\u00e3o do Pal\u00e1cio Araguaia, a 2\u00aa Reuni\u00e3o Ordin\u00e1ria da Assembleia Geral do Cons\u00f3rcio Amaz\u00f4nia Legal, com a presen\u00e7a dos Conselheiros, onde ser\u00e3o tratados assuntos internos e delibera\u00e7\u00f5es da pauta do conselho de administra\u00e7\u00e3o e c\u00e2maras setoriais.<\/p>\n\n\n\n<p>\u00c0s 9h20, tamb\u00e9m na Sala de Reuni\u00e3o do Pal\u00e1cio Araguaia, haver\u00e1 reuni\u00e3o dos Governadores e Conselheiros com representantes da Coopera\u00e7\u00e3o Internacional. Na ocasi\u00e3o, eles v\u00e3o debater o papel, a import\u00e2ncia e as oportunidades para o desenvolvimento sustent\u00e1vel da Amaz\u00f4nia Legal.<\/p>\n\n\n\n<p>A partir das 10 horas, est\u00e1 previsto que os governadores deixem o Pal\u00e1cio Araguaia rumo ao Ah\u00e3du Eventos. Das 10h15 \u00e0s 10h45, os chefes de Estado ir\u00e3o conceder entrevista coletiva para ve\u00edculos de imprensa.<\/p>\n\n\n\n<p>O F\u00f3rum deve ter in\u00edcio \u00e0s 10h45 e contar\u00e1 com falas das autoridades, an\u00fancio das delibera\u00e7\u00f5es da Assembleia Geral, apresenta\u00e7\u00e3o Planejamento Estrat\u00e9gico e assinatura da Carta de Palmas. O evento est\u00e1 previsto para ser encerrado \u00e0s 12h30.<\/p>\n\n\n\n<p><strong>GCF<\/strong><\/p>\n\n\n\n<p>Antes da realiza\u00e7\u00e3o da 18\u00aa edi\u00e7\u00e3o do F\u00f3rum de Governadores da Amaz\u00f4nia Legal, o Tocantins vai sediar tamb\u00e9m a For\u00e7a-Tarefa dos Governadores para o Clima e Floresta (GCF). O evento vai ser realizado em Palmas, na pr\u00f3xima quarta-feira, 31.<\/p>\n\n\n\n<p>O Comit\u00ea Diretivo da For\u00e7a-Tarefa dos Governadores para o Clima e Floresta vai se reunir para debater as a\u00e7\u00f5es da plataforma para o pr\u00f3ximo semestre e acompanhamento das agendas estrat\u00e9gicas de gest\u00e3o ambiental dos estados membros. A Secretaria do Meio Ambiente e Recursos H\u00eddricos do Tocantins (Semarh) representa o Tocantins no Comit\u00ea desde 2012.<\/p>\n\n\n\n<p>Durante o encontro assuntos como Fundo Amaz\u00f4nia, Conselho Nacional do Meio Ambiente (Conama) e Licenciamento Ambiental ser\u00e3o abordados pelos nove secret\u00e1rios de Meio Ambiente que constituem a Amaz\u00f4nia Legal: Acre, Amap\u00e1, Amazonas, Maranh\u00e3o, Mato Grosso Rond\u00f4nia, Roraima, Par\u00e1 e o Tocantins.<\/p>\n\n\n\n<p>\u201cO evento \u00e9 de extrema import\u00e2ncia para o desenvolvimento sustent\u00e1vel da Amaz\u00f4nia Legal e para o Tocantins. \u00c9 um momento oportuno para debater e alinhar a\u00e7\u00f5es estrat\u00e9gicas, de modo a garantir o crescimento econ\u00f4mico dos estados de forma sustent\u00e1vel e preservar o nosso maior patrim\u00f4nio nacional, que \u00e9 a Amaz\u00f4nia\u201d, afirmou o secret\u00e1rio de Estado da Semarh, Renato Jaime.<\/p>\n\n\n\n<p><strong>Sobre o F\u00f3rum<\/strong><\/p>\n\n\n\n<p>O F\u00f3rum de Governadores da Amaz\u00f4nia Legal foi criado em 2008, sendo o estado do Par\u00e1 o primeiro anfitri\u00e3o do evento. O objetivo do F\u00f3rum \u00e9 discutir propostas comuns de desenvolvimento sustent\u00e1vel, que possam ser implementadas pelos nove estados que comp\u00f5em a regi\u00e3o.<\/p>\n\n\n\n<p>Ao final de cada encontro, os governadores elaboram uma carta contendo as principais demandas comuns a todos os estados, a fim de que as reivindica\u00e7\u00f5es sejam evidenciadas \u00e0 sociedade civil e Poderes constitu\u00eddos.<\/p>\n","protected":false},"excerpt":{"rendered":"<p>Porta de entrada da Amaz\u00f4nia Legal, o Tocantins mais uma vez vai sediar uma reuni\u00e3o do F\u00f3rum de Governadores que re\u00fane os gestores que integram a regi\u00e3o. A 18\u00aa edi\u00e7\u00e3o vai acontecer entre os dias 1\u00ba e 2 de agosto, em Palmas. Devem comparecer \u00e0 reuni\u00e3o os governadores dos estados do Acre, Amap\u00e1, Amazonas, Maranh\u00e3o, [&hellip;]<\/p>\n","protected":false},"author":2,"featured_media":3655,"comment_status":"open","ping_status":"open","sticky":false,"template":"","format":"standard","meta":[],"categories":[4],"tags":[],"_links":{"self":[{"href":"https:\/\/dgospel.com.br\/portal\/index.php\/wp-json\/wp\/v2\/posts\/3654"}],"collection":[{"href":"https:\/\/dgospel.com.br\/portal\/index.php\/wp-json\/wp\/v2\/posts"}],"about":[{"href":"https:\/\/dgospel.com.br\/portal\/index.php\/wp-json\/wp\/v2\/types\/post"}],"author":[{"embeddable":true,"href":"https:\/\/dgospel.com.br\/portal\/index.php\/wp-json\/wp\/v2\/users\/2"}],"replies":[{"embeddable":true,"href":"https:\/\/dgospel.com.br\/portal\/index.php\/wp-json\/wp\/v2\/comments?post=3654"}],"version-history":[{"count":1,"href":"https:\/\/dgospel.com.br\/portal\/index.php\/wp-json\/wp\/v2\/posts\/3654\/revisions"}],"predecessor-version":[{"id":3656,"href":"https:\/\/dgospel.com.br\/portal\/index.php\/wp-json\/wp\/v2\/posts\/3654\/revisions\/3656"}],"wp:featuredmedia":[{"embeddable":true,"href":"https:\/\/dgospel.com.br\/portal\/index.php\/wp-json\/wp\/v2\/media\/3655"}],"wp:attachment":[{"href":"https:\/\/dgospel.com.br\/portal\/index.php\/wp-json\/wp\/v2\/media?parent=3654"}],"wp:term":[{"taxonomy":"category","embeddable":true,"href":"https:\/\/dgospel.com.br\/portal\/index.php\/wp-json\/wp\/v2\/categories?post=3654"},{"taxonomy":"post_tag","embeddable":true,"href":"https:\/\/dgospel.com.br\/portal\/index.php\/wp-json\/wp\/v2\/tags?post=3654"}],"curies":[{"name":"wp","href":"https:\/\/api.w.org\/{rel}","templated":true}]}}