{"id":3658,"date":"2019-07-31T09:07:21","date_gmt":"2019-07-31T12:07:21","guid":{"rendered":"http:\/\/dgospel.com.br\/portal\/?p=3658"},"modified":"2019-07-31T09:07:23","modified_gmt":"2019-07-31T12:07:23","slug":"davi-sacer-lanca-album-comemorativo-pelos-seus-15-anos-de-carreira","status":"publish","type":"post","link":"https:\/\/dgospel.com.br\/portal\/index.php\/2019\/07\/31\/davi-sacer-lanca-album-comemorativo-pelos-seus-15-anos-de-carreira\/","title":{"rendered":"Davi Sacer lan\u00e7a \u00e1lbum comemorativo pelos seus 15 anos de carreira"},"content":{"rendered":"\n<p>Um\nregistro de grandes sucessos que continuam conquistando as pessoas pela beleza\ne sensibilidade das letras e melodias. O \u00e1lbum que comemora os 15 anos de\ncarreira do cantor foi gravado no est\u00fadio da sua gravadora, a Som Livre, no Rio\nde Janeiro (RJ), com a presen\u00e7a de amigos e da imprensa.<\/p>\n\n\n\n<p><em>\u201cDavi Sacer \u2013 15 anos\u201d <\/em>traz 11 sucessos que o p\u00fablico conhece bem,\nmas com novos arranjos. A produ\u00e7\u00e3o musical \u00e9 de Ronald Fonseca e coprodu\u00e7\u00e3o de\nAndr\u00e9 Cavalcante. Anselmo Troncoso assina a dire\u00e7\u00e3o geral do \u00e1lbum. Produ\u00e7\u00e3o\nexecutiva da Som Livre, Davi Sacer e Margarida Bucater. Sacer fala com alegria\nda for\u00e7a dessas can\u00e7\u00f5es: \u201c<em>As can\u00e7\u00f5es que\nDeus nos deu l\u00e1 no passado t\u00eam diversidade de harmonia e melodias, que faz com\nque as m\u00fasica permane\u00e7am vivas at\u00e9 agora. Todas as can\u00e7\u00f5es vieram de Deus. S\u00e3o\nletras que nos levam para muito perto do Senhor.\u201d<\/em><\/p>\n\n\n\n<p>Por\nordem de grava\u00e7\u00e3o, estas s\u00e3o as can\u00e7\u00f5es que comp\u00f5em o trabalho: \u201c<em>Toda Sorte de b\u00ean\u00e7\u00e3o<\/em>\u201d (DJ PV), \u201c<em>Celebre<\/em>\u201d, \u201c<em>Tua Gra\u00e7a me Basta<\/em>\u201d (feat. Preto No Branco), \u201c<em>Enfermo de Amor<\/em>\u201d (feat. Ver\u00f4nica Sacer), \u201c<em>Te Louvarei<\/em>\u201d (feat. Daniela Ara\u00fajo e Ver\u00f4nica Sacer), \u201c<em>Correndo pros Teus Bra\u00e7os<\/em>\u201d, \u201c<em>Toque No Altar<\/em>\u201d (fat. Ton Carfi), \u201c<em>Restitui<\/em>\u201d (feat. Ton Carfi), \u201c<em>Em Ti Esperarei<\/em>\u201d (feat. Ver\u00f4nica Sacer),\n\u201c<em>Tu Cumprir\u00e1s<\/em>\u201d (feat. Daniela Ara\u00fajo)\ne \u201c<em>Deus de Promessas<\/em>\u201d (feat. Simone).<\/p>\n\n\n\n<p>Deste\nprojeto j\u00e1 foram lan\u00e7ados tr\u00eas <em>singles<\/em>\ncom os respectivos videoclipes: \u201c<em>Deus de\nPromessas<\/em>\u201d (feat. Simone), \u201c<em>Tua Gra\u00e7a\nme Basta<\/em>\u201d (feat. Preto no Branco) e \u201c<em>Restitui<\/em>\u201d\n(feat. Ton Carfi). Juntos, os v\u00eddeos somam cerca de 130 milh\u00f5es de\nvisualiza\u00e7\u00f5es.<\/p>\n\n\n\n<p>Davi\nSacer compartilha que este projeto tem um lugar especial em seu cora\u00e7\u00e3o, porque\ns\u00e3o can\u00e7\u00f5es que marcaram a sua carreira ao longo desses anos e que, agora, t\u00eam\na participa\u00e7\u00e3o de alguns amigos muito queridos. Al\u00e9m disso, este \u00e1lbum tem um\np\u00fablico composto por alunos do \u201cLaborat\u00f3rio de Composi\u00e7\u00e3o\u201d, uma escola de\ntreinamento de propriedade de Davi Sacer em parceria com Luiz Moreira. Ele diz\nque a repercuss\u00e3o das m\u00fasicas j\u00e1 lan\u00e7adas evidencia o sucesso do projeto como\num todo: \u201c<em>Os tr\u00eas singles e seus\nvideoclipes j\u00e1 lan\u00e7ados tocam profundamente o cora\u00e7\u00e3o das pessoas. Falo isso\ncom propriedade pela quantidade de views de cada uma e tamb\u00e9m pelos feedbacks\nque recebemos\u201d, <\/em>enfatiza.<\/p>\n\n\n\n<p>Davi\ndiz que desde o primeiro lan\u00e7amento de <em>\u201cDavi\nSacer \u2013 15 anos\u201d, a repercuss\u00e3o <\/em>tem sido surpreendentemente positiva. A\nroupagem nova e os amigos que participaram com ele deixaram as m\u00fasicas ainda\nmais belas. Ele conta que todas as vezes que canta essas can\u00e7\u00f5es pelo Brasil\nafora, as pessoas o acompanham com a mesma motiva\u00e7\u00e3o. Isso o deixa muito feliz\nporque tamb\u00e9m renova o p\u00fablico que chegou \u00e0 igreja h\u00e1 poucos anos e fica\nconhecendo as suas can\u00e7\u00f5es de forma mais atual.<\/p>\n\n\n\n<p>O\ncantor tem muitos planos ainda para este ano, como o lan\u00e7amento de um \u00e1lbum com\ncan\u00e7\u00f5es congregacionais in\u00e9ditas com participa\u00e7\u00f5es que ele ainda vai deixar em\nsuspense. Ele tamb\u00e9m anuncia uma grava\u00e7\u00e3o com os amigos do Minist\u00e9rio Trazendo\na Arca e talvez mais outras duas. Ele diz que \u00e9 esta muito feliz com que Deus\nfaz em sua vida e que a certeza da presen\u00e7a dEle em seus projetos torna tudo\nmais que especial. <\/p>\n\n\n\n<p>\u201c<em>Sei que Deus em mim \u00e9 a raz\u00e3o do incentivo e\nda admira\u00e7\u00e3o que recebo do meu p\u00fablico. Essas coisas me aben\u00e7oam muito e me\nmotivam a prosseguir com excel\u00eancia em meu minist\u00e9rio. Al\u00e9m de viajar no tempo\ne se lembrar de uma \u00e9poca em que foi tocado por essas can\u00e7\u00f5es, voc\u00ea vai sentir\num vento novo de Deus soprando com elas. Voc\u00ea vai se surpreender e ser aben\u00e7oado.\nO que realmente Deus quer \u00e9 um cora\u00e7\u00e3o disposto a oferecer a Ele uma adora\u00e7\u00e3o nova\ntodos os dias. Mais do que nunca, estamos precisando de Jesus, do Deus\ntodo-poderoso. O mundo est\u00e1 um caos, a vinda de Jesus se aproxima e existe uma\ncar\u00eancia absurda de Deus em cada cora\u00e7\u00e3o, ainda que nem todos se apercebam\ndisso. Todas as m\u00fasicas de \u2018Davi Sacer 15 anos\u2019 s\u00e3o presentes do Pai para n\u00f3s. Ou\u00e7a,\ndesfrute e seja aben\u00e7oado pelo amor incondicional dEle por meio de cada can\u00e7\u00e3o!\u201d<\/em>\n(Davi Sacer.)<\/p>\n","protected":false},"excerpt":{"rendered":"<p>Um registro de grandes sucessos que continuam conquistando as pessoas pela beleza e sensibilidade das letras e melodias. O \u00e1lbum que comemora os 15 anos de carreira do cantor foi gravado no est\u00fadio da sua gravadora, a Som Livre, no Rio de Janeiro (RJ), com a presen\u00e7a de amigos e da imprensa. \u201cDavi Sacer \u2013 [&hellip;]<\/p>\n","protected":false},"author":2,"featured_media":3659,"comment_status":"open","ping_status":"open","sticky":false,"template":"","format":"standard","meta":[],"categories":[5,6],"tags":[],"_links":{"self":[{"href":"https:\/\/dgospel.com.br\/portal\/index.php\/wp-json\/wp\/v2\/posts\/3658"}],"collection":[{"href":"https:\/\/dgospel.com.br\/portal\/index.php\/wp-json\/wp\/v2\/posts"}],"about":[{"href":"https:\/\/dgospel.com.br\/portal\/index.php\/wp-json\/wp\/v2\/types\/post"}],"author":[{"embeddable":true,"href":"https:\/\/dgospel.com.br\/portal\/index.php\/wp-json\/wp\/v2\/users\/2"}],"replies":[{"embeddable":true,"href":"https:\/\/dgospel.com.br\/portal\/index.php\/wp-json\/wp\/v2\/comments?post=3658"}],"version-history":[{"count":1,"href":"https:\/\/dgospel.com.br\/portal\/index.php\/wp-json\/wp\/v2\/posts\/3658\/revisions"}],"predecessor-version":[{"id":3660,"href":"https:\/\/dgospel.com.br\/portal\/index.php\/wp-json\/wp\/v2\/posts\/3658\/revisions\/3660"}],"wp:featuredmedia":[{"embeddable":true,"href":"https:\/\/dgospel.com.br\/portal\/index.php\/wp-json\/wp\/v2\/media\/3659"}],"wp:attachment":[{"href":"https:\/\/dgospel.com.br\/portal\/index.php\/wp-json\/wp\/v2\/media?parent=3658"}],"wp:term":[{"taxonomy":"category","embeddable":true,"href":"https:\/\/dgospel.com.br\/portal\/index.php\/wp-json\/wp\/v2\/categories?post=3658"},{"taxonomy":"post_tag","embeddable":true,"href":"https:\/\/dgospel.com.br\/portal\/index.php\/wp-json\/wp\/v2\/tags?post=3658"}],"curies":[{"name":"wp","href":"https:\/\/api.w.org\/{rel}","templated":true}]}}