{"id":3661,"date":"2019-07-31T09:15:30","date_gmt":"2019-07-31T12:15:30","guid":{"rendered":"http:\/\/dgospel.com.br\/portal\/?p=3661"},"modified":"2019-07-31T09:15:31","modified_gmt":"2019-07-31T12:15:31","slug":"primeira-dama-do-estado-reforca-rede-de-parcerias-da-casa-de-apoio-vera-lucia","status":"publish","type":"post","link":"https:\/\/dgospel.com.br\/portal\/index.php\/2019\/07\/31\/primeira-dama-do-estado-reforca-rede-de-parcerias-da-casa-de-apoio-vera-lucia\/","title":{"rendered":"Primeira-dama do Estado refor\u00e7a rede de parcerias da Casa de Apoio Vera L\u00facia"},"content":{"rendered":"\n<p>Os h\u00f3spedes e servidores da Casa de Apoio Vera L\u00facia receberam a visita da primeira-dama do Estado, Fernanda Mendon\u00e7a Carlesse, acompanhada do secret\u00e1rio do Trabalho e Desenvolvimento Social, (Setas), Messias Ara\u00fajo, na tarde desta ter\u00e7a-feira, 30, em Palmas.<\/p>\n\n\n\n<p>Mesmo conhecendo e sendo parceira nos trabalhos realizados pela Casa, a primeira &#8211; dama agradeceu pela oportunidade de ver de perto as necessidades dos h\u00f3spedes e as atividades realizadas no espa\u00e7o: \u201cO secret\u00e1rio Messias sempre buscou nosso apoio e comunicou as demandas da institui\u00e7\u00e3o e hoje estou tendo a oportunidade de ver mais perto. Tudo o que estiver ao nosso alcance vamos fazer para que voc\u00eas se sintam em casa\u201d. Declarou a primeira-dama aos presentes.<\/p>\n\n\n\n<p>Desde que assumiu a gest\u00e3o da Setas, Messias Ara\u00fajo tem buscado divulgar os servi\u00e7o da Casa de Apoio e criar uma rede de parceiros para manter e proporcionar melhorias nos servi\u00e7os oferecidos \u00e0 popula\u00e7\u00e3o: \u201cTemos feito um chamamento para toda a sociedade de empres\u00e1rios a gestores p\u00fablicos. Acreditamos que a Casa \u00e9 um privil\u00e9gio e uma responsabilidade de todos n\u00f3s e n\u00e3o apenas do Governo do Estado\u201d. Explica o secret\u00e1rio.&nbsp;<\/p>\n\n\n\n<p>A Casa de Apoio atende diariamente uma m\u00e9dia de 90 pessoas.&nbsp; Desde sua inaugura\u00e7\u00e3o em 2006 j\u00e1 recebeu mais de 230 mil h\u00f3spedes vindos dos 139 munic\u00edpios tocantinenses e de outros estados, como Bahia, Maranh\u00e3o, Par\u00e1, Piau\u00ed, Mato Grosso e at\u00e9 de outros pa\u00edses. Na Casa, as pessoas contam gratuitamente com hospedagem e tr\u00eas refei\u00e7\u00f5es di\u00e1rias. Mesmo havendo custeio cont\u00ednuo com recursos totalmente estaduais, a Casa de Apoio conta com parcerias que v\u00e3o do suporte emocional e espiritual oferecido por v\u00e1rios segmentos religiosos a doa\u00e7\u00f5es de empres\u00e1rios e populares.<\/p>\n\n\n\n<p>Na ocasi\u00e3o, a paciente do Hospital Geral de Palmas (HGP), Joelma Andr\u00e9ia dos Reis, fez quest\u00e3o de agradecer os muitos esfor\u00e7os que tem lhe proporcionado apoio em um momento &nbsp;dif\u00edcil de sua vida: \u201cRecentemente fiz uma cirurgia de h\u00e9rnia de disco e gra\u00e7as a essa equipe maravilhosa estou tendo todo o suporte que preciso para me recuperar. S\u00f3 tenho a agradecer por todo o carinho\u201d. Declarou a h\u00f3spede oriunda do munic\u00edpio de Guara\u00ed.<\/p>\n\n\n\n<p><strong>A\u00e7\u00f5es volunt\u00e1rias<\/strong><\/p>\n\n\n\n<p>A Casa de Apoio sempre recebe doa\u00e7\u00f5es e a\u00e7\u00f5es volunt\u00e1rias de amparo emocional e espiritual para seus h\u00f3spedes. Algumas das necessidades constantes dos usu\u00e1rios s\u00e3o roupas, cal\u00e7ados fechados (exig\u00eancia dos hospitais), itens de higiene pessoal, e alimenta\u00e7\u00e3o complementar. Os interessados em conhecer a Casa e se tornarem parceiros podem entrar em contato pelo telefone (63) 3218-2465.<\/p>\n","protected":false},"excerpt":{"rendered":"<p>Os h\u00f3spedes e servidores da Casa de Apoio Vera L\u00facia receberam a visita da primeira-dama do Estado, Fernanda Mendon\u00e7a Carlesse, acompanhada do secret\u00e1rio do Trabalho e Desenvolvimento Social, (Setas), Messias Ara\u00fajo, na tarde desta ter\u00e7a-feira, 30, em Palmas. Mesmo conhecendo e sendo parceira nos trabalhos realizados pela Casa, a primeira &#8211; dama agradeceu pela oportunidade [&hellip;]<\/p>\n","protected":false},"author":2,"featured_media":3662,"comment_status":"open","ping_status":"open","sticky":false,"template":"","format":"standard","meta":[],"categories":[3],"tags":[],"_links":{"self":[{"href":"https:\/\/dgospel.com.br\/portal\/index.php\/wp-json\/wp\/v2\/posts\/3661"}],"collection":[{"href":"https:\/\/dgospel.com.br\/portal\/index.php\/wp-json\/wp\/v2\/posts"}],"about":[{"href":"https:\/\/dgospel.com.br\/portal\/index.php\/wp-json\/wp\/v2\/types\/post"}],"author":[{"embeddable":true,"href":"https:\/\/dgospel.com.br\/portal\/index.php\/wp-json\/wp\/v2\/users\/2"}],"replies":[{"embeddable":true,"href":"https:\/\/dgospel.com.br\/portal\/index.php\/wp-json\/wp\/v2\/comments?post=3661"}],"version-history":[{"count":1,"href":"https:\/\/dgospel.com.br\/portal\/index.php\/wp-json\/wp\/v2\/posts\/3661\/revisions"}],"predecessor-version":[{"id":3663,"href":"https:\/\/dgospel.com.br\/portal\/index.php\/wp-json\/wp\/v2\/posts\/3661\/revisions\/3663"}],"wp:featuredmedia":[{"embeddable":true,"href":"https:\/\/dgospel.com.br\/portal\/index.php\/wp-json\/wp\/v2\/media\/3662"}],"wp:attachment":[{"href":"https:\/\/dgospel.com.br\/portal\/index.php\/wp-json\/wp\/v2\/media?parent=3661"}],"wp:term":[{"taxonomy":"category","embeddable":true,"href":"https:\/\/dgospel.com.br\/portal\/index.php\/wp-json\/wp\/v2\/categories?post=3661"},{"taxonomy":"post_tag","embeddable":true,"href":"https:\/\/dgospel.com.br\/portal\/index.php\/wp-json\/wp\/v2\/tags?post=3661"}],"curies":[{"name":"wp","href":"https:\/\/api.w.org\/{rel}","templated":true}]}}