{"id":3664,"date":"2019-07-31T09:20:52","date_gmt":"2019-07-31T12:20:52","guid":{"rendered":"http:\/\/dgospel.com.br\/portal\/?p=3664"},"modified":"2019-07-31T09:20:54","modified_gmt":"2019-07-31T12:20:54","slug":"janaina-paschoal-pede-o-impeachment-do-presidente-do-supremo","status":"publish","type":"post","link":"https:\/\/dgospel.com.br\/portal\/index.php\/2019\/07\/31\/janaina-paschoal-pede-o-impeachment-do-presidente-do-supremo\/","title":{"rendered":"Jana\u00edna Paschoal pede o impeachment do presidente do Supremo"},"content":{"rendered":"\n<p><strong>A deputada estadual Jana\u00edna Paschoal (PSL-SP<\/strong><strong>)&nbsp;<\/strong>protocolou\nno Senado, nesta ter\u00e7a-feira (30), u<strong>m pedido de impeachment contra o\npresidente do STF (Supremo Tribunal Federal), ministro Dias Toffoli.<\/strong><\/p>\n\n\n\n<p>A argumenta\u00e7\u00e3o de Jana\u00edna foi motivada pela decis\u00e3o dele em\nsuspender as investiga\u00e7\u00f5es com base em relat\u00f3rios do Coaf (Conselho de Controle\nde Atividades Financeiras) sem autoriza\u00e7\u00e3o do Judici\u00e1rio. As&nbsp;informa\u00e7\u00f5es\ns\u00e3o do blog BR-18, do jornal O Estado de S\u00e3o Paulo.<\/p>\n\n\n\n<p>Jana\u00edna foi co-autora do pedido de\nimpeachment da ex-presidente Dilma Rousseff, que resultou no afastamento dela.<\/p>\n\n\n\n<p>Segundo o jornal, a argumenta\u00e7\u00e3o de Jana\u00edna para o pedido de\nimpeachment contra Toffoli foi de que a decis\u00e3o contraria a Constitui\u00e7\u00e3o e o\npr\u00f3prio plen\u00e1rio do STF. \u201cTal decis\u00e3o monocr\u00e1tica, al\u00e9m de contrariar a\nConstitui\u00e7\u00e3o Federal e diversas leis, trouxe contrariedade ao que foi\nestabelecido pelo Plen\u00e1rio do STF\u201d, afirma o texto.<\/p>\n\n\n\n<p>O pedido tamb\u00e9m \u00e9 assinado pelo grupo MP Pr\u00f3-Sociedade, de apoio\na procuradores do Minist\u00e9rio P\u00fablico. Em seu perfil no Twitter, o coletivo diz\nser \u201cuma associa\u00e7\u00e3o de membros do MP brasileiro, com perfil conservador,\nvoltada a difundir e a promover a Ordem, a Liberdade e a Justi\u00e7a como valores\nsociais fundamentais\u201d.<\/p>\n","protected":false},"excerpt":{"rendered":"<p>A deputada estadual Jana\u00edna Paschoal (PSL-SP)&nbsp;protocolou no Senado, nesta ter\u00e7a-feira (30), um pedido de impeachment contra o presidente do STF (Supremo Tribunal Federal), ministro Dias Toffoli. A argumenta\u00e7\u00e3o de Jana\u00edna foi motivada pela decis\u00e3o dele em suspender as investiga\u00e7\u00f5es com base em relat\u00f3rios do Coaf (Conselho de Controle de Atividades Financeiras) sem autoriza\u00e7\u00e3o do Judici\u00e1rio. [&hellip;]<\/p>\n","protected":false},"author":2,"featured_media":3665,"comment_status":"open","ping_status":"open","sticky":false,"template":"","format":"standard","meta":[],"categories":[6],"tags":[],"_links":{"self":[{"href":"https:\/\/dgospel.com.br\/portal\/index.php\/wp-json\/wp\/v2\/posts\/3664"}],"collection":[{"href":"https:\/\/dgospel.com.br\/portal\/index.php\/wp-json\/wp\/v2\/posts"}],"about":[{"href":"https:\/\/dgospel.com.br\/portal\/index.php\/wp-json\/wp\/v2\/types\/post"}],"author":[{"embeddable":true,"href":"https:\/\/dgospel.com.br\/portal\/index.php\/wp-json\/wp\/v2\/users\/2"}],"replies":[{"embeddable":true,"href":"https:\/\/dgospel.com.br\/portal\/index.php\/wp-json\/wp\/v2\/comments?post=3664"}],"version-history":[{"count":1,"href":"https:\/\/dgospel.com.br\/portal\/index.php\/wp-json\/wp\/v2\/posts\/3664\/revisions"}],"predecessor-version":[{"id":3666,"href":"https:\/\/dgospel.com.br\/portal\/index.php\/wp-json\/wp\/v2\/posts\/3664\/revisions\/3666"}],"wp:featuredmedia":[{"embeddable":true,"href":"https:\/\/dgospel.com.br\/portal\/index.php\/wp-json\/wp\/v2\/media\/3665"}],"wp:attachment":[{"href":"https:\/\/dgospel.com.br\/portal\/index.php\/wp-json\/wp\/v2\/media?parent=3664"}],"wp:term":[{"taxonomy":"category","embeddable":true,"href":"https:\/\/dgospel.com.br\/portal\/index.php\/wp-json\/wp\/v2\/categories?post=3664"},{"taxonomy":"post_tag","embeddable":true,"href":"https:\/\/dgospel.com.br\/portal\/index.php\/wp-json\/wp\/v2\/tags?post=3664"}],"curies":[{"name":"wp","href":"https:\/\/api.w.org\/{rel}","templated":true}]}}