{"id":3671,"date":"2019-07-31T09:39:12","date_gmt":"2019-07-31T12:39:12","guid":{"rendered":"http:\/\/dgospel.com.br\/portal\/?p=3671"},"modified":"2019-07-31T09:39:13","modified_gmt":"2019-07-31T12:39:13","slug":"prefeita-cinthia-ribeiro-presta-homenagem-a-siqueira-campos-as-vesperas-de-seu-aniversario","status":"publish","type":"post","link":"https:\/\/dgospel.com.br\/portal\/index.php\/2019\/07\/31\/prefeita-cinthia-ribeiro-presta-homenagem-a-siqueira-campos-as-vesperas-de-seu-aniversario\/","title":{"rendered":"Prefeita Cinthia Ribeiro presta homenagem a Siqueira Campos \u00e0s v\u00e9speras de seu anivers\u00e1rio"},"content":{"rendered":"\n<p>\u00c0s v\u00e9speras de completar 91 anos o ex-governador do Tocantins e senador da Rep\u00fablica Jos\u00e9 Wilson Siqueira Campos recebe uma homenagem especial da Prefeitura de Palmas, materializada sob a forma de Girass\u00f3is, a flor escolhida por ele como s\u00edmbolo do Estado, por ter como &nbsp;peculiaridade, crescer em busca do sol. O anivers\u00e1rio de Siqueira Campos \u00e9 comemorado em 1\u00ba de agosto, por\u00e9m as homenagens j\u00e1 foram antecipadas, para que no dia as flores j\u00e1 possam ser apreciadas.<\/p>\n\n\n\n<p><br>A homenagem foi idealizada pela prefeita Cinthia Ribeiro, que declarou sentir \u201cmuitas saudades\u201d dos imensos campos de girass\u00f3is que enfeitavam o cerrado \u00e0 medida que se aproximava o m\u00eas de agosto. \u201cMem\u00f3rias de uma doce \u00e9poca, tempo de muito trabalho e de muitos sonhos\u201d, disse a prefeita. Ela observou que passados 30 anos desde a funda\u00e7\u00e3o da Capital, Palmas ainda tem muitos sonhos, e que no ideal de sua gente ainda pulsam a energia e a garra para realiz\u00e1-los.<br><br>As flores est\u00e3o plantadas em quatro canteiros estrategicamente distribu\u00eddos para serem apreciados por quem trafega pela cidade. S\u00e3o dois na Avenida JK, um na rotat\u00f3ria Leste e outro na rotat\u00f3ria Oeste do Pal\u00e1cio Araguaia. Outros dois foram instalados na Avenida Teot\u00f4nio Segurado, sendo um no in\u00edcio do canteiro central, em frente \u00e0 Pra\u00e7a dos Girass\u00f3is, ala Sul e o outro, na rotat\u00f3ria de acesso ao Aeroporto de Palmas \u2013 Brigadeiro Lysias Rodrigues.<br><br>Nesta ter\u00e7a-feira, 30, a prefeita aproveitou o intervalo de seu almo\u00e7o e levou ela pr\u00f3pria, o Senador e sua esposa, dona Mariluce Uch\u00f4a Siqueira Campos para conhecer o viveiro de mudas da Secretaria de Infraestrutura, onde as mudas de girassol foram produzidas.<\/p>\n\n\n\n<p><br><strong>Siqueira Campos<\/strong><\/p>\n\n\n\n<p><br>O atual Senador Siqueira Campos, considerado por muitos tocantinenses como governador honor\u00e1rio, ou eterno governador, fez parte dos movimentos e comiss\u00f5es que lutaram em defesa da separa\u00e7\u00e3o do ent\u00e3o norte de Goi\u00e1s, que culminou na cria\u00e7\u00e3o do Estado do Tocantins.<\/p>\n\n\n\n<p>Foi de autoria do ent\u00e3o deputado federal Siqueira Campos a emenda popular encaminhada \u00e0 Assembleia Geral Constituinte que criou de fato e de direito o Estado do Tocantins, com a publica\u00e7\u00e3o da Constitui\u00e7\u00e3o Federal Brasileira \u2013 Constitui\u00e7\u00e3o Cidad\u00e3, em 5 de outubro de 1988. Essa conquista foi a s\u00edntese de sonhos e movimentos separatistas iniciados ainda no s\u00e9culo XIX.&nbsp;<\/p>\n\n\n\n<p>Ap\u00f3s a cria\u00e7\u00e3o do Estado, o governador, junto de algumas autoridades do Estado, em 15 de janeiro de 1989 sobrevoou a \u00e1rea que hoje \u00e9 Palmas. Localizada entre a Serra do Carmo e o Rio Tocantins foi erguida a Capital sede do Governo do Estado, sendo que sua pedra fundamental foi lan\u00e7ada no dia 20 de maio daquele ano.<\/p>\n","protected":false},"excerpt":{"rendered":"<p>\u00c0s v\u00e9speras de completar 91 anos o ex-governador do Tocantins e senador da Rep\u00fablica Jos\u00e9 Wilson Siqueira Campos recebe uma homenagem especial da Prefeitura de Palmas, materializada sob a forma de Girass\u00f3is, a flor escolhida por ele como s\u00edmbolo do Estado, por ter como &nbsp;peculiaridade, crescer em busca do sol. O anivers\u00e1rio de Siqueira Campos [&hellip;]<\/p>\n","protected":false},"author":2,"featured_media":3672,"comment_status":"open","ping_status":"open","sticky":false,"template":"","format":"standard","meta":[],"categories":[4],"tags":[],"_links":{"self":[{"href":"https:\/\/dgospel.com.br\/portal\/index.php\/wp-json\/wp\/v2\/posts\/3671"}],"collection":[{"href":"https:\/\/dgospel.com.br\/portal\/index.php\/wp-json\/wp\/v2\/posts"}],"about":[{"href":"https:\/\/dgospel.com.br\/portal\/index.php\/wp-json\/wp\/v2\/types\/post"}],"author":[{"embeddable":true,"href":"https:\/\/dgospel.com.br\/portal\/index.php\/wp-json\/wp\/v2\/users\/2"}],"replies":[{"embeddable":true,"href":"https:\/\/dgospel.com.br\/portal\/index.php\/wp-json\/wp\/v2\/comments?post=3671"}],"version-history":[{"count":1,"href":"https:\/\/dgospel.com.br\/portal\/index.php\/wp-json\/wp\/v2\/posts\/3671\/revisions"}],"predecessor-version":[{"id":3673,"href":"https:\/\/dgospel.com.br\/portal\/index.php\/wp-json\/wp\/v2\/posts\/3671\/revisions\/3673"}],"wp:featuredmedia":[{"embeddable":true,"href":"https:\/\/dgospel.com.br\/portal\/index.php\/wp-json\/wp\/v2\/media\/3672"}],"wp:attachment":[{"href":"https:\/\/dgospel.com.br\/portal\/index.php\/wp-json\/wp\/v2\/media?parent=3671"}],"wp:term":[{"taxonomy":"category","embeddable":true,"href":"https:\/\/dgospel.com.br\/portal\/index.php\/wp-json\/wp\/v2\/categories?post=3671"},{"taxonomy":"post_tag","embeddable":true,"href":"https:\/\/dgospel.com.br\/portal\/index.php\/wp-json\/wp\/v2\/tags?post=3671"}],"curies":[{"name":"wp","href":"https:\/\/api.w.org\/{rel}","templated":true}]}}