{"id":3674,"date":"2019-07-31T09:47:53","date_gmt":"2019-07-31T12:47:53","guid":{"rendered":"http:\/\/dgospel.com.br\/portal\/?p=3674"},"modified":"2019-07-31T09:47:54","modified_gmt":"2019-07-31T12:47:54","slug":"trajetoria-de-vida-do-pastor-arias-soares-silva-registrada-em-livro-de-giovanni-salera-junior","status":"publish","type":"post","link":"https:\/\/dgospel.com.br\/portal\/index.php\/2019\/07\/31\/trajetoria-de-vida-do-pastor-arias-soares-silva-registrada-em-livro-de-giovanni-salera-junior\/","title":{"rendered":"Trajet\u00f3ria de vida do pastor Arias Soares Silva registrada em livro de Giovanni Salera J\u00fanior"},"content":{"rendered":"\n<p>O escritor Giovanni Salera J\u00fanior lan\u00e7a na sexta-feira (2) o livro\u00a0<strong>Arias Soares, 70 Anos: uma caminhada com Deus<\/strong>.\u00a0 A noite de aut\u00f3grafos est\u00e1 prevista para come\u00e7ar \u00a0\u00a0\u00e0s 20 horas, no Cabana do Lago Eventos, em Palmas, por\u00e9m, o autor informa que o \u00a0evento ser\u00e1 fechado para convidados especiais.<\/p>\n\n\n\n<figure class=\"wp-block-image\"><img src=\"blob:http:\/\/dgospel.com.br\/4d41ff8c-3e4b-469a-b4a6-4e3c893739a5\" alt=\"\"\/><\/figure>\n\n\n\n<p>O livro \u00e9 a biografia de Arias Soares Silva, que ao longo de seus 70 anos de vida atuou como pastor, professor, orientador educacional, coordenador pedag\u00f3gico e diretor de escola, al\u00e9m de m\u00fasico e pianista, fundador e dirigente de associa\u00e7\u00e3o beneficente, psicanalista e coaching. Entre 2006 e 2007, foi o sexto presidente da SIBAPA, considerada a maior Igreja Batista do Tocantins. Desde 2014, coordena o Minist\u00e9rio de Aconselhamento Crist\u00e3o da SIBAPA, auxiliando in\u00fameras pessoas que buscam apoio conjugal, orienta\u00e7\u00e3o espiritual e emocional.<\/p>\n\n\n\n<p>De acordo com o autor da obra, os fatos descritos concedem ao leitor um verdadeiro raio X da personalidade do biografado, bem como apresenta um panorama de como as igrejas evang\u00e9licas, por meio de ferramentas variadas \u2013 prega\u00e7\u00e3o, m\u00fasica, ensino e a\u00e7\u00f5es sociais \u2013 t\u00eam se expandido e influenciado a transforma\u00e7\u00e3o social e cultural de nosso pa\u00eds.<\/p>\n\n\n\n<p><strong>Sobre o autor<\/strong><\/p>\n\n\n\n<p>Giovanni Salera J\u00fanior \u00e9&nbsp;natural de Ita\u00fana, (MG). Atualmente, reside em Palmas. \u00c9 graduado em Matem\u00e1tica e Biologia, especialista em Direito Ambiental e Mestre em Ci\u00eancias do Ambiente. \u00c9 analista ambiental do Governo Federal, lotado no IBAMA. J\u00e1 publicou artigos cient\u00edficos e dezenas de textos em jornais, revistas, sites e blogs. \u00c9 autor dos livros&nbsp;<strong>Lendas da Amaz\u00f4nia&nbsp;<\/strong>(2014) e<strong>Lendas Brasileiras<\/strong>&nbsp;(2019). Tem participa\u00e7\u00e3o em antologias liter\u00e1rias, dentre as quais, destacam-se&nbsp;&nbsp; o&nbsp;<strong>Anu\u00e1rio<\/strong><strong>&nbsp;de Poetas e Escritores de Gurupi<\/strong>&nbsp;(2011) e a&nbsp;<strong>Antologia Veloso<\/strong>&nbsp;(2013), ambas, sob a organiza\u00e7\u00e3o do escritor e editor Eliosmar Veloso, da Editora Veloso, de Gurupi.&nbsp;Nos \u00faltimos anos tem se dedicado a pesquisar e escrever biografias de l\u00edderes religiosos, pol\u00edticos e ambientalistas.&nbsp;(Zacarias Martins)<\/p>\n","protected":false},"excerpt":{"rendered":"<p>O escritor Giovanni Salera J\u00fanior lan\u00e7a na sexta-feira (2) o livro\u00a0Arias Soares, 70 Anos: uma caminhada com Deus.\u00a0 A noite de aut\u00f3grafos est\u00e1 prevista para come\u00e7ar \u00a0\u00a0\u00e0s 20 horas, no Cabana do Lago Eventos, em Palmas, por\u00e9m, o autor informa que o \u00a0evento ser\u00e1 fechado para convidados especiais. O livro \u00e9 a biografia de Arias [&hellip;]<\/p>\n","protected":false},"author":2,"featured_media":3675,"comment_status":"open","ping_status":"open","sticky":false,"template":"","format":"standard","meta":[],"categories":[5],"tags":[],"_links":{"self":[{"href":"https:\/\/dgospel.com.br\/portal\/index.php\/wp-json\/wp\/v2\/posts\/3674"}],"collection":[{"href":"https:\/\/dgospel.com.br\/portal\/index.php\/wp-json\/wp\/v2\/posts"}],"about":[{"href":"https:\/\/dgospel.com.br\/portal\/index.php\/wp-json\/wp\/v2\/types\/post"}],"author":[{"embeddable":true,"href":"https:\/\/dgospel.com.br\/portal\/index.php\/wp-json\/wp\/v2\/users\/2"}],"replies":[{"embeddable":true,"href":"https:\/\/dgospel.com.br\/portal\/index.php\/wp-json\/wp\/v2\/comments?post=3674"}],"version-history":[{"count":1,"href":"https:\/\/dgospel.com.br\/portal\/index.php\/wp-json\/wp\/v2\/posts\/3674\/revisions"}],"predecessor-version":[{"id":3676,"href":"https:\/\/dgospel.com.br\/portal\/index.php\/wp-json\/wp\/v2\/posts\/3674\/revisions\/3676"}],"wp:featuredmedia":[{"embeddable":true,"href":"https:\/\/dgospel.com.br\/portal\/index.php\/wp-json\/wp\/v2\/media\/3675"}],"wp:attachment":[{"href":"https:\/\/dgospel.com.br\/portal\/index.php\/wp-json\/wp\/v2\/media?parent=3674"}],"wp:term":[{"taxonomy":"category","embeddable":true,"href":"https:\/\/dgospel.com.br\/portal\/index.php\/wp-json\/wp\/v2\/categories?post=3674"},{"taxonomy":"post_tag","embeddable":true,"href":"https:\/\/dgospel.com.br\/portal\/index.php\/wp-json\/wp\/v2\/tags?post=3674"}],"curies":[{"name":"wp","href":"https:\/\/api.w.org\/{rel}","templated":true}]}}