{"id":368,"date":"2018-05-28T09:32:01","date_gmt":"2018-05-28T12:32:01","guid":{"rendered":"http:\/\/dgospel.com.br\/portal\/?p=368"},"modified":"2018-05-28T09:32:01","modified_gmt":"2018-05-28T12:32:01","slug":"prefeita-cinthia-ribeiro-convoca-reuniao-de-emergencia-com-seu-secretariado","status":"publish","type":"post","link":"https:\/\/dgospel.com.br\/portal\/index.php\/2018\/05\/28\/prefeita-cinthia-ribeiro-convoca-reuniao-de-emergencia-com-seu-secretariado\/","title":{"rendered":"Prefeita Cinthia Ribeiro convoca reuni\u00e3o de emerg\u00eancia com seu secretariado"},"content":{"rendered":"<div>Em decorr\u00eancia da paralisa\u00e7\u00e3o dos caminhoneiros, a prefeita de Palmas Cinthia Ribeiro convocou reuni\u00e3o de emerg\u00eancia com seu secretariado no in\u00edcio da noite deste domingo, 27, ocasi\u00e3o em que discutiu medidas necess\u00e1rias para que os servi\u00e7os essenciais sob responsabilidade do munic\u00edpio, n\u00e3o sejam prejudicados.<\/div>\n<div><\/div>\n<div>A Prefeitura assegura a normalidade dos servi\u00e7os de transporte p\u00fablico na Capital, com redu\u00e7\u00e3o de 5% da frota, conforme j\u00e1 anunciado anteriormente.<\/div>\n<div><\/div>\n<div>As escolas e creches da rede p\u00fablica municipal bem como os servi\u00e7os de Seguran\u00e7a, (Guarda Metropolitana e Transporte e Tr\u00e2nsito), funcionar\u00e3o normalmente.<\/div>\n<div><\/div>\n<div>O servi\u00e7o do Samu e das Unidades de Pronto Atendimento (UPAs), \u00c1lcool e Drogas funcionar\u00e3o 24 horas. J\u00e1 os Centros de Atendimento \u00e0 Sa\u00fade atender\u00e3o ao p\u00fablico no per\u00edodo das 7 \u00e0s 13 horas.<\/div>\n<div><\/div>\n<div>O Resolve Palmas continuar\u00e1 atendendo no hor\u00e1rio normal, das 7 \u00e0s 19 horas e o servi\u00e7o de coleta de lixo dom\u00e9stico continua com a mesma escala regular.<\/div>\n<div><\/div>\n<div>\u201cNossa primeira preocupa\u00e7\u00e3o \u00e9 dar garantias para que a cidade possa funcionar com normalidade. E para isso vamos buscar o di\u00e1logo onde ele for necess\u00e1rio\u201d, enfatizou Cinthia.<\/div>\n<div><\/div>\n<div><b>Expediente<\/b><\/div>\n<div><\/div>\n<div>Na reuni\u00e3o tamb\u00e9m ficou definido que o expediente no munic\u00edpio ser\u00e1 normal nesta segunda-feira, 28, exceto nos \u00f3rg\u00e3os que funcionam nos pr\u00e9dios da Av. JK e Buritis, que passaram por dedetiza\u00e7\u00e3o no final de semana, e que funcionar\u00e3o no per\u00edodo das 12h \u00e0s 18h.<\/div>\n<div><\/div>\n<div>J\u00e1 a partir de ter\u00e7a-feira, 29, haver\u00e1 redu\u00e7\u00e3o na carga hor\u00e1ria dos servidores da esfera administrativa, com o expediente das 8 \u00e0s 14 horas, com exce\u00e7\u00e3o os servi\u00e7os essenciais na \u00e1rea da Sa\u00fade, Educa\u00e7\u00e3o e Seguran\u00e7a P\u00fablica. Na quinta e sexta-feira, pr\u00f3ximos, ser\u00e3o decretados ponto facultativo.<\/div>\n<div><\/div>\n<div><b>Comit\u00ea de Crise<\/b><\/div>\n<div><\/div>\n<div>Ao final da reuni\u00e3o, a prefeita determinou a cria\u00e7\u00e3o de um Comit\u00ea de Gest\u00e3o de Crise, que ser\u00e1 formado pelas secretarias de Sa\u00fade, Educa\u00e7\u00e3o, Seguran\u00e7a e Mobilidade Urbana, Planejamento e pela Procuradoria Geral do Munic\u00edpio. O comit\u00ea ser\u00e1 instalado na manh\u00e3 desta segunda-feira, 28, e poder\u00e1 mobilizar qualquer pasta para apoiar eventual tomada de decis\u00e3o.<\/div>\n<div><\/div>\n<div>A Prefeita determinou ainda ao Comit\u00ea que fa\u00e7a um mapeamento da situa\u00e7\u00e3o dos servi\u00e7os essenciais e que se re\u00fana com representantes das entidades representativas das atividades fins, para discutir de forma conjunta a garantia de abastecimento dos servi\u00e7os b\u00e1sicos \u00e0 popula\u00e7\u00e3o da Capital.<\/div>\n<div><\/div>\n","protected":false},"excerpt":{"rendered":"<p>Em decorr\u00eancia da paralisa\u00e7\u00e3o dos caminhoneiros, a prefeita de Palmas Cinthia Ribeiro convocou reuni\u00e3o de emerg\u00eancia com seu secretariado no in\u00edcio da noite deste domingo, 27, ocasi\u00e3o em que discutiu medidas necess\u00e1rias para que os servi\u00e7os essenciais sob responsabilidade do munic\u00edpio, n\u00e3o sejam prejudicados. A Prefeitura assegura a normalidade dos servi\u00e7os de transporte p\u00fablico na [&hellip;]<\/p>\n","protected":false},"author":2,"featured_media":369,"comment_status":"open","ping_status":"open","sticky":false,"template":"","format":"standard","meta":[],"categories":[2,3],"tags":[],"_links":{"self":[{"href":"https:\/\/dgospel.com.br\/portal\/index.php\/wp-json\/wp\/v2\/posts\/368"}],"collection":[{"href":"https:\/\/dgospel.com.br\/portal\/index.php\/wp-json\/wp\/v2\/posts"}],"about":[{"href":"https:\/\/dgospel.com.br\/portal\/index.php\/wp-json\/wp\/v2\/types\/post"}],"author":[{"embeddable":true,"href":"https:\/\/dgospel.com.br\/portal\/index.php\/wp-json\/wp\/v2\/users\/2"}],"replies":[{"embeddable":true,"href":"https:\/\/dgospel.com.br\/portal\/index.php\/wp-json\/wp\/v2\/comments?post=368"}],"version-history":[{"count":1,"href":"https:\/\/dgospel.com.br\/portal\/index.php\/wp-json\/wp\/v2\/posts\/368\/revisions"}],"predecessor-version":[{"id":370,"href":"https:\/\/dgospel.com.br\/portal\/index.php\/wp-json\/wp\/v2\/posts\/368\/revisions\/370"}],"wp:featuredmedia":[{"embeddable":true,"href":"https:\/\/dgospel.com.br\/portal\/index.php\/wp-json\/wp\/v2\/media\/369"}],"wp:attachment":[{"href":"https:\/\/dgospel.com.br\/portal\/index.php\/wp-json\/wp\/v2\/media?parent=368"}],"wp:term":[{"taxonomy":"category","embeddable":true,"href":"https:\/\/dgospel.com.br\/portal\/index.php\/wp-json\/wp\/v2\/categories?post=368"},{"taxonomy":"post_tag","embeddable":true,"href":"https:\/\/dgospel.com.br\/portal\/index.php\/wp-json\/wp\/v2\/tags?post=368"}],"curies":[{"name":"wp","href":"https:\/\/api.w.org\/{rel}","templated":true}]}}