{"id":3695,"date":"2019-07-31T11:03:52","date_gmt":"2019-07-31T14:03:52","guid":{"rendered":"http:\/\/dgospel.com.br\/portal\/?p=3695"},"modified":"2019-07-31T11:03:54","modified_gmt":"2019-07-31T14:03:54","slug":"pastor-marcos-feliciano-nao-descarta-ser-vice-de-bolsonaro-estou-a-disposicao","status":"publish","type":"post","link":"https:\/\/dgospel.com.br\/portal\/index.php\/2019\/07\/31\/pastor-marcos-feliciano-nao-descarta-ser-vice-de-bolsonaro-estou-a-disposicao\/","title":{"rendered":"Pastor Marcos Feliciano n\u00e3o descarta ser vice de Bolsonaro: \u2018Estou \u00e0 disposi\u00e7\u00e3o\u2019"},"content":{"rendered":"\n<p>O deputado federal,\npastor <strong>Marco Feliciano<\/strong>&nbsp;(Podemos-SP),\nque passou a ser cotado como poss\u00edvel candidato a vice de&nbsp;<strong>Jair\nBolsonaro<\/strong>&nbsp;em 2022, mede as palavras ao comentar a hip\u00f3tese\npara a campanha \u00e0 reelei\u00e7\u00e3o que o presidente prematuramente se lan\u00e7ou. Mas n\u00e3o\na descarta. \u201cEstou \u00e0 disposi\u00e7\u00e3o do presidente para o que ele precisar\u201d, disse\nem entrevista ao diretor de reda\u00e7\u00e3o de VEJA,&nbsp;<strong>Mauricio Lima<\/strong>,\nno programa&nbsp;<a href=\"https:\/\/veja.abril.com.br\/videos\/paginas-amarelas\/\">P\u00e1ginas\nAmarelas<\/a>.&nbsp;<\/p>\n\n\n\n<p>Feliciano,\nentretanto, n\u00e3o economiza nas cr\u00edticas que faz ao general&nbsp;<strong>Hamilton\nMour\u00e3o<\/strong>, atual vice-presidente da Rep\u00fablica e contra quem o\nparlamentar j\u00e1 apresentou um pedido de impeachment. \u201cO presidente do partido\ndele [<strong>Levy Fidelix<\/strong>, do PRTB] disse\nque queria criar dentro do parlamento a base do Mour\u00e3o. S\u00f3 uma pessoa muito\nne\u00f3fita para n\u00e3o entender que isso \u00e9 o pren\u00fancio de um golpe\u201d, afirmou o\ndeputado.<\/p>\n\n\n\n<p>Ao comentar a\npossibilidade de Bolsonaro indicar seu filho&nbsp;<strong>Eduardo<\/strong>,\ndeputado federal por S\u00e3o Paulo, ao cargo de embaixador do Brasil em Washington,\no parlamentar tamb\u00e9m defendeu a iniciativa do presidente. Segundo seu\nracioc\u00ednio, a rela\u00e7\u00e3o com o presidente&nbsp;<strong>Donald Trump<\/strong>&nbsp;o\nqualifica para o chefiar a principal representa\u00e7\u00e3o diplom\u00e1tica brasileira. \u201cN\u00f3s\nn\u00e3o podemos jogar esse ganho pol\u00edtico no lixo por conta de mimizentos.\u201d<\/p>\n\n\n\n<p>O parlamentar ainda considera que os governadores e prefeitos, de modo geral, n\u00e3o contribu\u00edram com a aprova\u00e7\u00e3o da reforma da Previd\u00eancia, cuja vota\u00e7\u00e3o bem sucedida ele reputa, em primeiro lugar, a Bolsonaro e ao papel desempenhado por\u00a0<strong>Rodrigo Maia<\/strong>, presidente da C\u00e2mara. \u201cTodo mundo quer uma reforma, mas eu n\u00e3o vi governador falar para o seu deputado \u2018vai l\u00e1 e vota\u2019. Com rar\u00edssimas exce\u00e7\u00f5es, eu vi l\u00e1 no Congresso o\u00a0<strong>Ronaldo Caiado<\/strong>\u00a0[de Goi\u00e1s] e mais um ou dois governadores\u201d, disse.<\/p>\n\n\n\n<p>Fonte: veja.abril<\/p>\n","protected":false},"excerpt":{"rendered":"<p>O deputado federal, pastor Marco Feliciano&nbsp;(Podemos-SP), que passou a ser cotado como poss\u00edvel candidato a vice de&nbsp;Jair Bolsonaro&nbsp;em 2022, mede as palavras ao comentar a hip\u00f3tese para a campanha \u00e0 reelei\u00e7\u00e3o que o presidente prematuramente se lan\u00e7ou. Mas n\u00e3o a descarta. \u201cEstou \u00e0 disposi\u00e7\u00e3o do presidente para o que ele precisar\u201d, disse em entrevista ao [&hellip;]<\/p>\n","protected":false},"author":2,"featured_media":3696,"comment_status":"open","ping_status":"open","sticky":false,"template":"","format":"standard","meta":[],"categories":[6,4],"tags":[],"_links":{"self":[{"href":"https:\/\/dgospel.com.br\/portal\/index.php\/wp-json\/wp\/v2\/posts\/3695"}],"collection":[{"href":"https:\/\/dgospel.com.br\/portal\/index.php\/wp-json\/wp\/v2\/posts"}],"about":[{"href":"https:\/\/dgospel.com.br\/portal\/index.php\/wp-json\/wp\/v2\/types\/post"}],"author":[{"embeddable":true,"href":"https:\/\/dgospel.com.br\/portal\/index.php\/wp-json\/wp\/v2\/users\/2"}],"replies":[{"embeddable":true,"href":"https:\/\/dgospel.com.br\/portal\/index.php\/wp-json\/wp\/v2\/comments?post=3695"}],"version-history":[{"count":1,"href":"https:\/\/dgospel.com.br\/portal\/index.php\/wp-json\/wp\/v2\/posts\/3695\/revisions"}],"predecessor-version":[{"id":3697,"href":"https:\/\/dgospel.com.br\/portal\/index.php\/wp-json\/wp\/v2\/posts\/3695\/revisions\/3697"}],"wp:featuredmedia":[{"embeddable":true,"href":"https:\/\/dgospel.com.br\/portal\/index.php\/wp-json\/wp\/v2\/media\/3696"}],"wp:attachment":[{"href":"https:\/\/dgospel.com.br\/portal\/index.php\/wp-json\/wp\/v2\/media?parent=3695"}],"wp:term":[{"taxonomy":"category","embeddable":true,"href":"https:\/\/dgospel.com.br\/portal\/index.php\/wp-json\/wp\/v2\/categories?post=3695"},{"taxonomy":"post_tag","embeddable":true,"href":"https:\/\/dgospel.com.br\/portal\/index.php\/wp-json\/wp\/v2\/tags?post=3695"}],"curies":[{"name":"wp","href":"https:\/\/api.w.org\/{rel}","templated":true}]}}