{"id":3698,"date":"2019-07-31T11:23:39","date_gmt":"2019-07-31T14:23:39","guid":{"rendered":"http:\/\/dgospel.com.br\/portal\/?p=3698"},"modified":"2019-07-31T11:23:42","modified_gmt":"2019-07-31T14:23:42","slug":"bolsonaro-evangelico-presidente-tem-frequentado-cultos-regularmente","status":"publish","type":"post","link":"https:\/\/dgospel.com.br\/portal\/index.php\/2019\/07\/31\/bolsonaro-evangelico-presidente-tem-frequentado-cultos-regularmente\/","title":{"rendered":"Bolsonaro evang\u00e9lico? Presidente tem frequentado cultos regularmente"},"content":{"rendered":"\n<p>O presidente Jair Bolsonaro (PSL) tem intensificado sua rela\u00e7\u00e3o com as igrejas evang\u00e9licas, frequentando cultos com frequ\u00eancia, enquanto sua rela\u00e7\u00e3o com a Igreja Cat\u00f3lica, da qual \u00e9 fiel, tem sido marcada por tens\u00f5es.<\/p>\n\n\n\n<p>A Igreja Cat\u00f3lica no Brasil, apesar das vis\u00f5es conservadoras quanto a costumes, tem longo hist\u00f3rico de atua\u00e7\u00e3o progressista, muito em decorr\u00eancia dos problemas enfrentados por bispos durante o Regime Militar.<\/p>\n\n\n\n<p>Nos anos 1970 e 1980, muitos sacerdotes cat\u00f3licos atuaram na difus\u00e3o da teologia da liberta\u00e7\u00e3o, uma interpreta\u00e7\u00e3o politizada da B\u00edblia Sagrada que serviu a militantes de esquerda como ferramenta de discurso junto \u00e0 popula\u00e7\u00e3o. Assim, de maneira direta ou indireta, a Igreja Cat\u00f3lica no Brasil esteve ligada ao surgimento de alguns dos partidos de esquerda, como o PT.<\/p>\n\n\n\n<p>Desde que venceu as elei\u00e7\u00f5es, Bolsonaro tem estreitado os la\u00e7os com os evang\u00e9licos, muito por influ\u00eancia da primeira-dama, Michelle, que \u00e9 membro da Igreja Batista Atitude, no Rio de Janeiro. A proximidade com pastores como Marco Feliciano (PODE-SP) e Silas Malafaia \u00e9 outro ponto relevante.<\/p>\n\n\n\n<p>Ao longo de julho, o presidente Bolsonaro compareceu a&nbsp;<a href=\"https:\/\/noticias.gospelmais.com.br\/mandato-servico-senhor-presidente-bolsonaro-df-117797.html\"><strong>diversos cultos em Bras\u00edlia<\/strong><\/a>, e no \u00faltimo domingo, 28 de julho, voltou \u00e0 Comunidade das Na\u00e7\u00f5es para o encerramento da Confer\u00eancia Global 2019, com apresenta\u00e7\u00e3o da cantora Aline Barros.<\/p>\n\n\n\n<p>Bolsonaro foi ao evento acompanhado da esposa e da ministra da Mulher, Fam\u00edlia e Direitos Humanos, pastora Damares Alves.<\/p>\n\n\n\n<p><strong>Tens\u00f5es<\/strong><\/p>\n\n\n\n<p>Em fevereiro deste ano, o presidente viu as tens\u00f5es com a Igreja Cat\u00f3lica aumentarem por conta da obten\u00e7\u00e3o de informa\u00e7\u00f5es relacionadas a um s\u00ednodo de bispos em que os sacerdotes brasileiros fariam cr\u00edticas ao governo.<\/p>\n\n\n\n<p>De acordo com informa\u00e7\u00f5es da&nbsp;<a target=\"_blank\" href=\"https:\/\/gauchazh.clicrbs.com.br\/politica\/noticia\/2019\/02\/governo-de-jair-bolsonaro-ve-igreja-catolica-como-potencial-opositora-cjrz1ghky004o01t4r9mosk8t.html\" rel=\"noreferrer noopener\"><em>R\u00e1dio Ga\u00facha<\/em><\/a>, o alerta veio da Ag\u00eancia Brasileira de Intelig\u00eancia (ABIN) e dos comandos militares. Os informes relatam recentes encontros de cardeais brasileiros com o papa Francisco, no Vaticano, para discutir a realiza\u00e7\u00e3o do S\u00ednodo sobre Amaz\u00f4nia, evento que reunir\u00e1 em Roma, em outubro, bispos de todos os continentes.<\/p>\n\n\n\n<p>Essas informa\u00e7\u00f5es incomodaram o presidente, que compreende a postura dos sacerdotes como favor\u00e1vel a uma \u201cagenda de esquerda\u201d. \u201cEstamos preocupados e queremos neutralizar isso a\u00ed\u201d, disse o ministro chefe do Gabinete de Seguran\u00e7a Institucional (GSI), Augusto Heleno, que comanda a resposta do governo ao evento.<\/p>\n\n\n\n<p>\u201cAchamos que isso \u00e9 interfer\u00eancia em assunto interno do Brasil\u201d, acrescentou Heleno. Seus subordinados no GSI avaliaram que os setores da Igreja aliados a movimentos sociais e partidos de esquerda, integrantes do chamado \u201cclero progressista\u201d, pretendem aproveitar o evento em Roma para criticar o governo Bolsonaro e obter impacto internacional.<\/p>\n\n\n\n<p>\u201cH\u00e1 muito tempo existe influ\u00eancia da Igreja e ONGs na floresta. [O governo] n\u00e3o vai trazer problema. Vai apenas fortalecer a soberania brasileira e impedir que interesses estranhos acabem prevalecendo na Amaz\u00f4nia. A quest\u00e3o vai ser objeto de estudo cuidadoso pelo GSI. Vamos entrar a fundo nisso\u201d, concluiu.<\/p>\n\n\n\n<p>Essa tens\u00e3o, acompanhada das frequentes visitas a cultos evang\u00e9licos feitas pelo presidente Bolsonaro, tem suscitado questionamentos sobre seu distanciamento da Igreja Cat\u00f3lica e aproxima\u00e7\u00e3o com o segmento evang\u00e9lico.<\/p>\n\n\n\n<p>Na ter\u00e7a-feira da semana passada, 23, quando Bolsonaro esteve em um dos cultos de&nbsp;<a href=\"https:\/\/noticias.gospelmais.com.br\/bolsonaro-evangelicos-forcas-cumprir-missao-governar-117944.html\"><strong>abertura da Confer\u00eancia Global 2019<\/strong><\/a>, ele declarou que \u201cn\u00e3o h\u00e1 honra maior do que cantar o Hino Nacional juntamente \u00e0queles que t\u00eam Deus no cora\u00e7\u00e3o\u201d, numa refer\u00eancia aos evang\u00e9licos, a quem reputou como respons\u00e1veis por fornecer \u201cfor\u00e7as para cumprir essa miss\u00e3o que sabemos de quem \u00e9\u201d.<br><\/p>\n\n\n\n<p>Fonte: gospelmais<\/p>\n","protected":false},"excerpt":{"rendered":"<p>O presidente Jair Bolsonaro (PSL) tem intensificado sua rela\u00e7\u00e3o com as igrejas evang\u00e9licas, frequentando cultos com frequ\u00eancia, enquanto sua rela\u00e7\u00e3o com a Igreja Cat\u00f3lica, da qual \u00e9 fiel, tem sido marcada por tens\u00f5es. A Igreja Cat\u00f3lica no Brasil, apesar das vis\u00f5es conservadoras quanto a costumes, tem longo hist\u00f3rico de atua\u00e7\u00e3o progressista, muito em decorr\u00eancia dos [&hellip;]<\/p>\n","protected":false},"author":2,"featured_media":3699,"comment_status":"open","ping_status":"open","sticky":false,"template":"","format":"standard","meta":[],"categories":[5,6],"tags":[],"_links":{"self":[{"href":"https:\/\/dgospel.com.br\/portal\/index.php\/wp-json\/wp\/v2\/posts\/3698"}],"collection":[{"href":"https:\/\/dgospel.com.br\/portal\/index.php\/wp-json\/wp\/v2\/posts"}],"about":[{"href":"https:\/\/dgospel.com.br\/portal\/index.php\/wp-json\/wp\/v2\/types\/post"}],"author":[{"embeddable":true,"href":"https:\/\/dgospel.com.br\/portal\/index.php\/wp-json\/wp\/v2\/users\/2"}],"replies":[{"embeddable":true,"href":"https:\/\/dgospel.com.br\/portal\/index.php\/wp-json\/wp\/v2\/comments?post=3698"}],"version-history":[{"count":1,"href":"https:\/\/dgospel.com.br\/portal\/index.php\/wp-json\/wp\/v2\/posts\/3698\/revisions"}],"predecessor-version":[{"id":3700,"href":"https:\/\/dgospel.com.br\/portal\/index.php\/wp-json\/wp\/v2\/posts\/3698\/revisions\/3700"}],"wp:featuredmedia":[{"embeddable":true,"href":"https:\/\/dgospel.com.br\/portal\/index.php\/wp-json\/wp\/v2\/media\/3699"}],"wp:attachment":[{"href":"https:\/\/dgospel.com.br\/portal\/index.php\/wp-json\/wp\/v2\/media?parent=3698"}],"wp:term":[{"taxonomy":"category","embeddable":true,"href":"https:\/\/dgospel.com.br\/portal\/index.php\/wp-json\/wp\/v2\/categories?post=3698"},{"taxonomy":"post_tag","embeddable":true,"href":"https:\/\/dgospel.com.br\/portal\/index.php\/wp-json\/wp\/v2\/tags?post=3698"}],"curies":[{"name":"wp","href":"https:\/\/api.w.org\/{rel}","templated":true}]}}