{"id":3701,"date":"2019-08-01T12:19:54","date_gmt":"2019-08-01T15:19:54","guid":{"rendered":"http:\/\/dgospel.com.br\/portal\/?p=3701"},"modified":"2019-08-01T12:23:02","modified_gmt":"2019-08-01T15:23:02","slug":"governador-de-sp-institui-o-dia-de-oracao-pelas-autoridades-e-dia-da-escola-biblica","status":"publish","type":"post","link":"https:\/\/dgospel.com.br\/portal\/index.php\/2019\/08\/01\/governador-de-sp-institui-o-dia-de-oracao-pelas-autoridades-e-dia-da-escola-biblica\/","title":{"rendered":"Governador de SP institui o &#8216;dia de ora\u00e7\u00e3o pelas autoridades\u2019 e \u2018dia da Escola B\u00edblica\u2019"},"content":{"rendered":"\n<p>Uma lei aprovada pela <strong>Assembleia Legislativa de S\u00e3o Paulo (Alesp)<\/strong> e sancionada pelo governador\u00a0<strong>Jo\u00e3o Doria\u00a0<\/strong>(PSDB) instituiu no calend\u00e1rio oficial do estado o \u201cdia de ora\u00e7\u00e3o pelas autoridades da na\u00e7\u00e3o\u201d.<\/p>\n\n\n\n<p><\/p>\n\n\n\n<figure class=\"wp-block-image\"><img loading=\"lazy\" width=\"1000\" height=\"750\" src=\"http:\/\/dgospel.com.br\/portal\/wp-content\/uploads\/2019\/08\/doriaobra2-1.jpg\" alt=\"\" class=\"wp-image-3703\" srcset=\"https:\/\/dgospel.com.br\/portal\/wp-content\/uploads\/2019\/08\/doriaobra2-1.jpg 1000w, https:\/\/dgospel.com.br\/portal\/wp-content\/uploads\/2019\/08\/doriaobra2-1-300x225.jpg 300w, https:\/\/dgospel.com.br\/portal\/wp-content\/uploads\/2019\/08\/doriaobra2-1-768x576.jpg 768w\" sizes=\"(max-width: 1000px) 100vw, 1000px\" \/><\/figure>\n\n\n\n<p>A data ser\u00e1 celebrada\ntoda terceira segunda-feira de cada m\u00eas, de acordo com o texto, publicado no\nDi\u00e1rio Oficial do Estado na quarta-feira (31).<\/p>\n\n\n\n<p>A lei n\u00famero 17.136,\nde autoria dos deputados Chico Sardelli e Reinaldo Alguz, ambos do PV, entrou\nem vigor na quarta.<\/p>\n\n\n\n<h2>Outras leis religiosas<\/h2>\n\n\n\n<p>Tamb\u00e9m\nna quarta-feira, o Di\u00e1rio Oficial do estado trouxe a san\u00e7\u00e3o e a publica\u00e7\u00e3o de\noutras tr\u00eas leis de car\u00e1ter religioso no estado.<\/p>\n\n\n\n<p>A lei n\u00famero 17.133\ninstitui o Dia da Escola B\u00edblica em homenagem &#8220;aos cidad\u00e3os crist\u00e3os\nparticipantes do ensino b\u00edblico nas igrejas&#8221;. A data ser\u00e1 comemorada\nanualmente, no terceiro domingo de setembro.<\/p>\n\n\n\n<p>Outra lei, a 17.125,\ninstituiu o \u201cDia da Assembleia de Deus Minist\u00e9rio de Madureira&#8221;, a ser\ncomemorado, todos os anos, em 15 de novembro.<\/p>\n\n\n\n<p>Tamb\u00e9m foi criado o\n\u201cDia da Igreja Sara Nossa Terra\u201d, celebrado todos os anos em 7 de setembro, com\no objetivo de homenagear os cidad\u00e3os evang\u00e9licos membros da igreja.<\/p>\n\n\n\n<p>Todas as leis foram sancionadas por Doria e come\u00e7aram a valer na data de publica\u00e7\u00e3o.<\/p>\n\n\n\n<p>Fonte: G1<\/p>\n","protected":false},"excerpt":{"rendered":"<p>Uma lei aprovada pela Assembleia Legislativa de S\u00e3o Paulo (Alesp) e sancionada pelo governador\u00a0Jo\u00e3o Doria\u00a0(PSDB) instituiu no calend\u00e1rio oficial do estado o \u201cdia de ora\u00e7\u00e3o pelas autoridades da na\u00e7\u00e3o\u201d. A data ser\u00e1 celebrada toda terceira segunda-feira de cada m\u00eas, de acordo com o texto, publicado no Di\u00e1rio Oficial do Estado na quarta-feira (31). A lei [&hellip;]<\/p>\n","protected":false},"author":2,"featured_media":3702,"comment_status":"open","ping_status":"open","sticky":false,"template":"","format":"standard","meta":[],"categories":[4],"tags":[],"_links":{"self":[{"href":"https:\/\/dgospel.com.br\/portal\/index.php\/wp-json\/wp\/v2\/posts\/3701"}],"collection":[{"href":"https:\/\/dgospel.com.br\/portal\/index.php\/wp-json\/wp\/v2\/posts"}],"about":[{"href":"https:\/\/dgospel.com.br\/portal\/index.php\/wp-json\/wp\/v2\/types\/post"}],"author":[{"embeddable":true,"href":"https:\/\/dgospel.com.br\/portal\/index.php\/wp-json\/wp\/v2\/users\/2"}],"replies":[{"embeddable":true,"href":"https:\/\/dgospel.com.br\/portal\/index.php\/wp-json\/wp\/v2\/comments?post=3701"}],"version-history":[{"count":2,"href":"https:\/\/dgospel.com.br\/portal\/index.php\/wp-json\/wp\/v2\/posts\/3701\/revisions"}],"predecessor-version":[{"id":3705,"href":"https:\/\/dgospel.com.br\/portal\/index.php\/wp-json\/wp\/v2\/posts\/3701\/revisions\/3705"}],"wp:featuredmedia":[{"embeddable":true,"href":"https:\/\/dgospel.com.br\/portal\/index.php\/wp-json\/wp\/v2\/media\/3702"}],"wp:attachment":[{"href":"https:\/\/dgospel.com.br\/portal\/index.php\/wp-json\/wp\/v2\/media?parent=3701"}],"wp:term":[{"taxonomy":"category","embeddable":true,"href":"https:\/\/dgospel.com.br\/portal\/index.php\/wp-json\/wp\/v2\/categories?post=3701"},{"taxonomy":"post_tag","embeddable":true,"href":"https:\/\/dgospel.com.br\/portal\/index.php\/wp-json\/wp\/v2\/tags?post=3701"}],"curies":[{"name":"wp","href":"https:\/\/api.w.org\/{rel}","templated":true}]}}