{"id":3706,"date":"2019-08-02T11:23:03","date_gmt":"2019-08-02T14:23:03","guid":{"rendered":"http:\/\/dgospel.com.br\/portal\/?p=3706"},"modified":"2019-08-02T11:23:05","modified_gmt":"2019-08-02T14:23:05","slug":"governo-federal-lanca-programa-medicos-pelo-brail","status":"publish","type":"post","link":"https:\/\/dgospel.com.br\/portal\/index.php\/2019\/08\/02\/governo-federal-lanca-programa-medicos-pelo-brail\/","title":{"rendered":"Governo Federal lan\u00e7a Programa M\u00e9dicos pelo Brail"},"content":{"rendered":"\n<p>Para ampliar o n\u00famero de servi\u00e7os m\u00e9dicos nos locais onde mais se precisa, o Governo Federal lan\u00e7ou, nesta quinta-feira (1\u00ba\/8), o Programa M\u00e9dicos pelo Brasil. A a\u00e7\u00e3o vai expandir, em cerca de sete mil vagas, a oferta de m\u00e9dicos em munic\u00edpios onde faltam profissionais. Ao todo, ser\u00e3o 18 mil postos de trabalho, sendo cerca de 13 mil em munic\u00edpios que t\u00eam dificuldades de contratar esses profissionais. De acordo com o ministro da Sa\u00fade, Luiz Henrique Mandetta, al\u00e9m de formar especialistas em Medicina de Fam\u00edlia e Comunidade, o Programa M\u00e9dicos pelo Brasil vai substituir o Mais M\u00e9dicos sem deixar a popula\u00e7\u00e3o desamparada.&nbsp;<\/p>\n\n\n\n<p>\u201cDurante um tempo n\u00f3s vamos ter uma sobreposi\u00e7\u00e3o, n\u00f3s vamos conviver com o programa anterior e o programa novo, porque eu n\u00e3o vou anular a lei anterior de uma vez sen\u00e3o eu poderia criar um vazio at\u00e9 se fazer todo o processo seletivo. Ent\u00e3o a gente vai coexistir. A partir do momento que a gente vai lotando as pessoas com v\u00ednculo qualificado, por m\u00e9rito, por classifica\u00e7\u00e3o, que elas v\u00e3o entrando nessas comunidades, a gente vai gradativamente desligando o v\u00ednculo anterior\u201d.<\/p>\n\n\n\n<p>O Governo Federal vai priorizar a participa\u00e7\u00e3o de munic\u00edpios em regi\u00f5es carentes. Por isso, adotou a metodologia do Instituto Brasileiro de Geografia e Estat\u00edstica (IBGE), baseada em estudo da Organiza\u00e7\u00e3o para a Coopera\u00e7\u00e3o e Desenvolvimento Econ\u00f4mico (OCDE) que classifica as cidades em espa\u00e7os rurais e urbanos. Assim, os munic\u00edpios foram divididos em cinco categorias: rurais remotos, rurais adjacentes, intermedi\u00e1rios remotos, intermedi\u00e1rios adjacentes e urbanos. O programa vai priorizar os munic\u00edpios rurais remotos, rurais adjacentes e intermedi\u00e1rios remotos, que concentram mais de mil cidades.<\/p>\n","protected":false},"excerpt":{"rendered":"<p>Para ampliar o n\u00famero de servi\u00e7os m\u00e9dicos nos locais onde mais se precisa, o Governo Federal lan\u00e7ou, nesta quinta-feira (1\u00ba\/8), o Programa M\u00e9dicos pelo Brasil. A a\u00e7\u00e3o vai expandir, em cerca de sete mil vagas, a oferta de m\u00e9dicos em munic\u00edpios onde faltam profissionais. Ao todo, ser\u00e3o 18 mil postos de trabalho, sendo cerca de [&hellip;]<\/p>\n","protected":false},"author":2,"featured_media":3707,"comment_status":"open","ping_status":"open","sticky":false,"template":"","format":"standard","meta":[],"categories":[6],"tags":[],"_links":{"self":[{"href":"https:\/\/dgospel.com.br\/portal\/index.php\/wp-json\/wp\/v2\/posts\/3706"}],"collection":[{"href":"https:\/\/dgospel.com.br\/portal\/index.php\/wp-json\/wp\/v2\/posts"}],"about":[{"href":"https:\/\/dgospel.com.br\/portal\/index.php\/wp-json\/wp\/v2\/types\/post"}],"author":[{"embeddable":true,"href":"https:\/\/dgospel.com.br\/portal\/index.php\/wp-json\/wp\/v2\/users\/2"}],"replies":[{"embeddable":true,"href":"https:\/\/dgospel.com.br\/portal\/index.php\/wp-json\/wp\/v2\/comments?post=3706"}],"version-history":[{"count":1,"href":"https:\/\/dgospel.com.br\/portal\/index.php\/wp-json\/wp\/v2\/posts\/3706\/revisions"}],"predecessor-version":[{"id":3708,"href":"https:\/\/dgospel.com.br\/portal\/index.php\/wp-json\/wp\/v2\/posts\/3706\/revisions\/3708"}],"wp:featuredmedia":[{"embeddable":true,"href":"https:\/\/dgospel.com.br\/portal\/index.php\/wp-json\/wp\/v2\/media\/3707"}],"wp:attachment":[{"href":"https:\/\/dgospel.com.br\/portal\/index.php\/wp-json\/wp\/v2\/media?parent=3706"}],"wp:term":[{"taxonomy":"category","embeddable":true,"href":"https:\/\/dgospel.com.br\/portal\/index.php\/wp-json\/wp\/v2\/categories?post=3706"},{"taxonomy":"post_tag","embeddable":true,"href":"https:\/\/dgospel.com.br\/portal\/index.php\/wp-json\/wp\/v2\/tags?post=3706"}],"curies":[{"name":"wp","href":"https:\/\/api.w.org\/{rel}","templated":true}]}}