{"id":3709,"date":"2019-08-02T11:27:12","date_gmt":"2019-08-02T14:27:12","guid":{"rendered":"http:\/\/dgospel.com.br\/portal\/?p=3709"},"modified":"2019-08-02T11:27:14","modified_gmt":"2019-08-02T14:27:14","slug":"presidente-da-jucetins-pede-exoneracao-para-assumir-vaga-na-assembleia-legislativa-e-governador-nomeia-substituta","status":"publish","type":"post","link":"https:\/\/dgospel.com.br\/portal\/index.php\/2019\/08\/02\/presidente-da-jucetins-pede-exoneracao-para-assumir-vaga-na-assembleia-legislativa-e-governador-nomeia-substituta\/","title":{"rendered":"Presidente da Jucetins pede exonera\u00e7\u00e3o para assumir vaga na Assembleia Legislativa e Governador nomeia substituta"},"content":{"rendered":"\n<p>O governador do Estado do Tocantins, Mauro Carlesse, recebeu na tarde desta quinta-feira, 1\u00ba&nbsp;de agosto, o pedido de exonera\u00e7\u00e3o de Gleydson Nato, ent\u00e3o presidente da Junta Comercial do Estado do Tocantins (Jucetins). Gleydson Nato assumir\u00e1 nos pr\u00f3ximos dias o mandato de deputado estadual no lugar de Eduardo Siqueira Campos, que solicitou licen\u00e7a do cargo para tratamento de sa\u00fade.<\/p>\n\n\n\n<p>\u201cO agora deputado Gleydson Nato estava fazendo um excelente trabalho na Jucetins, mas foi convocado para esta miss\u00e3o de representar Gurupi e a regi\u00e3o sul na Assembleia e isso tamb\u00e9m \u00e9 positivo para o Estado, pois a nossa regi\u00e3o ganha um representante. E quanto ao deputado Eduardo Siqueira, que \u00e9 tamb\u00e9m nosso companheiro, espero que corra tudo bem em seu tratamento para que retorne e continue dando a sua contribui\u00e7\u00e3o ao nosso Estado\u201d, afirmou o Governador.<\/p>\n\n\n\n<p><strong>Nova presidente<\/strong><\/p>\n\n\n\n<p>Em seguida, o governador Mauro Carlesse nomeou a gestora p\u00fablica, Thais Coelho de Souza Amaral Monteiro como a nova presidente da Jucetins. Al\u00e9m da forma\u00e7\u00e3o superior em Gest\u00e3o P\u00fablica, Thais Coelho possui experi\u00eancia no setor privado atuando em \u00e1rea comercial e operacional. No Governo do Estado, Thais Coelho j\u00e1 atuou nas Secretarias da Fazenda e Planejamento, de Ci\u00eancia e Tecnologia e na Funda\u00e7\u00e3o de Radiodifus\u00e3o Educativa, nas \u00e1reas: administrativa, financeira, operacional e planejamento.<\/p>\n","protected":false},"excerpt":{"rendered":"<p>O governador do Estado do Tocantins, Mauro Carlesse, recebeu na tarde desta quinta-feira, 1\u00ba&nbsp;de agosto, o pedido de exonera\u00e7\u00e3o de Gleydson Nato, ent\u00e3o presidente da Junta Comercial do Estado do Tocantins (Jucetins). Gleydson Nato assumir\u00e1 nos pr\u00f3ximos dias o mandato de deputado estadual no lugar de Eduardo Siqueira Campos, que solicitou licen\u00e7a do cargo para [&hellip;]<\/p>\n","protected":false},"author":2,"featured_media":3710,"comment_status":"open","ping_status":"open","sticky":false,"template":"","format":"standard","meta":[],"categories":[4],"tags":[],"_links":{"self":[{"href":"https:\/\/dgospel.com.br\/portal\/index.php\/wp-json\/wp\/v2\/posts\/3709"}],"collection":[{"href":"https:\/\/dgospel.com.br\/portal\/index.php\/wp-json\/wp\/v2\/posts"}],"about":[{"href":"https:\/\/dgospel.com.br\/portal\/index.php\/wp-json\/wp\/v2\/types\/post"}],"author":[{"embeddable":true,"href":"https:\/\/dgospel.com.br\/portal\/index.php\/wp-json\/wp\/v2\/users\/2"}],"replies":[{"embeddable":true,"href":"https:\/\/dgospel.com.br\/portal\/index.php\/wp-json\/wp\/v2\/comments?post=3709"}],"version-history":[{"count":1,"href":"https:\/\/dgospel.com.br\/portal\/index.php\/wp-json\/wp\/v2\/posts\/3709\/revisions"}],"predecessor-version":[{"id":3711,"href":"https:\/\/dgospel.com.br\/portal\/index.php\/wp-json\/wp\/v2\/posts\/3709\/revisions\/3711"}],"wp:featuredmedia":[{"embeddable":true,"href":"https:\/\/dgospel.com.br\/portal\/index.php\/wp-json\/wp\/v2\/media\/3710"}],"wp:attachment":[{"href":"https:\/\/dgospel.com.br\/portal\/index.php\/wp-json\/wp\/v2\/media?parent=3709"}],"wp:term":[{"taxonomy":"category","embeddable":true,"href":"https:\/\/dgospel.com.br\/portal\/index.php\/wp-json\/wp\/v2\/categories?post=3709"},{"taxonomy":"post_tag","embeddable":true,"href":"https:\/\/dgospel.com.br\/portal\/index.php\/wp-json\/wp\/v2\/tags?post=3709"}],"curies":[{"name":"wp","href":"https:\/\/api.w.org\/{rel}","templated":true}]}}