{"id":3715,"date":"2019-08-02T11:31:28","date_gmt":"2019-08-02T14:31:28","guid":{"rendered":"http:\/\/dgospel.com.br\/portal\/?p=3715"},"modified":"2019-08-02T11:31:29","modified_gmt":"2019-08-02T14:31:29","slug":"mauro-carlesse-prestigia-culto-ecumenico-em-acao-de-graca-pelo-aniversario-do-senador-siqueira-campos","status":"publish","type":"post","link":"https:\/\/dgospel.com.br\/portal\/index.php\/2019\/08\/02\/mauro-carlesse-prestigia-culto-ecumenico-em-acao-de-graca-pelo-aniversario-do-senador-siqueira-campos\/","title":{"rendered":"Mauro Carlesse prestigia culto ecum\u00eanico em a\u00e7\u00e3o de gra\u00e7a pelo anivers\u00e1rio do senador Siqueira Campos"},"content":{"rendered":"\n<p>O governador do Estado do Tocantins, Mauro Carlesse, e a primeira dama Fernanda Carlesse, prestigiaram na noite desta quinta-feira, 1 de agosto, a programa\u00e7\u00e3o que marcou a passagem de anivers\u00e1rio do senador Jos\u00e9 Wilson Siqueira Campos, que completou 91 anos de idade. O evento foi realizado no Cruzeiro da Pra\u00e7a dos Girass\u00f3is, monumento que marcou a Pedra Fundamental de Palmas e tamb\u00e9m a primeira missa celebrada na capital tocantinense.<\/p>\n\n\n\n<p>A cerim\u00f4nia contou com a presen\u00e7a de amigos do senador, pol\u00edticos e governadores de v\u00e1rios estados que participam nesta sexta-feira, 2, do F\u00f3rum de Governador da Amaz\u00f4nia Legal, em Palmas. A cerim\u00f4nia foi marcada por apresenta\u00e7\u00f5es musicais de artistas tocantinenses, por um Culto Ecum\u00eanico e por apresenta\u00e7\u00f5es musicais dos cantores Cleiton Aguiar e Moacir Franco, amigos do aniversariante.<\/p>\n\n\n\n<p>Ainda pela manh\u00e3 o governador Mauro Carlesse parabenizou o senador Siqueira Campos em sua resid\u00eancia e o convidou para uma agenda de trabalho no Pal\u00e1cio Araguaia nos pr\u00f3ximos dias. O ex-governador e atualmente senador do Tocantins, Siqueira Campos, agradeceu a visita, se colocou mais uma vez \u00e0 disposi\u00e7\u00e3o para colaborar com o Estado e falou dos projetos que pretende debater no Senado Federal.<\/p>\n","protected":false},"excerpt":{"rendered":"<p>O governador do Estado do Tocantins, Mauro Carlesse, e a primeira dama Fernanda Carlesse, prestigiaram na noite desta quinta-feira, 1 de agosto, a programa\u00e7\u00e3o que marcou a passagem de anivers\u00e1rio do senador Jos\u00e9 Wilson Siqueira Campos, que completou 91 anos de idade. O evento foi realizado no Cruzeiro da Pra\u00e7a dos Girass\u00f3is, monumento que marcou [&hellip;]<\/p>\n","protected":false},"author":2,"featured_media":3716,"comment_status":"open","ping_status":"open","sticky":false,"template":"","format":"standard","meta":[],"categories":[4],"tags":[],"_links":{"self":[{"href":"https:\/\/dgospel.com.br\/portal\/index.php\/wp-json\/wp\/v2\/posts\/3715"}],"collection":[{"href":"https:\/\/dgospel.com.br\/portal\/index.php\/wp-json\/wp\/v2\/posts"}],"about":[{"href":"https:\/\/dgospel.com.br\/portal\/index.php\/wp-json\/wp\/v2\/types\/post"}],"author":[{"embeddable":true,"href":"https:\/\/dgospel.com.br\/portal\/index.php\/wp-json\/wp\/v2\/users\/2"}],"replies":[{"embeddable":true,"href":"https:\/\/dgospel.com.br\/portal\/index.php\/wp-json\/wp\/v2\/comments?post=3715"}],"version-history":[{"count":1,"href":"https:\/\/dgospel.com.br\/portal\/index.php\/wp-json\/wp\/v2\/posts\/3715\/revisions"}],"predecessor-version":[{"id":3717,"href":"https:\/\/dgospel.com.br\/portal\/index.php\/wp-json\/wp\/v2\/posts\/3715\/revisions\/3717"}],"wp:featuredmedia":[{"embeddable":true,"href":"https:\/\/dgospel.com.br\/portal\/index.php\/wp-json\/wp\/v2\/media\/3716"}],"wp:attachment":[{"href":"https:\/\/dgospel.com.br\/portal\/index.php\/wp-json\/wp\/v2\/media?parent=3715"}],"wp:term":[{"taxonomy":"category","embeddable":true,"href":"https:\/\/dgospel.com.br\/portal\/index.php\/wp-json\/wp\/v2\/categories?post=3715"},{"taxonomy":"post_tag","embeddable":true,"href":"https:\/\/dgospel.com.br\/portal\/index.php\/wp-json\/wp\/v2\/tags?post=3715"}],"curies":[{"name":"wp","href":"https:\/\/api.w.org\/{rel}","templated":true}]}}