{"id":3721,"date":"2019-08-02T11:35:44","date_gmt":"2019-08-02T14:35:44","guid":{"rendered":"http:\/\/dgospel.com.br\/portal\/?p=3721"},"modified":"2019-08-02T11:35:45","modified_gmt":"2019-08-02T14:35:45","slug":"governo-reduz-mais-de-r-125-milhoes-com-despesas-de-custeio-no-primeiro-semestre-de-2019","status":"publish","type":"post","link":"https:\/\/dgospel.com.br\/portal\/index.php\/2019\/08\/02\/governo-reduz-mais-de-r-125-milhoes-com-despesas-de-custeio-no-primeiro-semestre-de-2019\/","title":{"rendered":"Governo reduz mais de R$ 125 milh\u00f5es com despesas de custeio no primeiro semestre de 2019"},"content":{"rendered":"\n<p>Dados da Secretaria de Estado da Fazenda e do Planejamento (Sefaz) mostram uma economia de R$ 125,4 milh\u00f5es com despesas de custeio da m\u00e1quina p\u00fablica nos seis primeiros meses de 2019 (janeiro a junho), em compara\u00e7\u00e3o ao mesmo per\u00edodo do ano passado. O que representa uma redu\u00e7\u00e3o de 17,2% desses gastos no Governo do Tocantins.<\/p>\n\n\n\n<p>Os n\u00fameros levantados pela Sefaz contabilizam os elementos de despesas com di\u00e1rias civis e militares; material de consumo; passagens; servi\u00e7os de terceiros (pessoa f\u00edsica); loca\u00e7\u00e3o de m\u00e3o de obra; servi\u00e7o de terceiros (pessoa jur\u00eddica); despesa exerc\u00edcio anterior; e demais despesas. Os valores que, em 2018, somavam R$ 729.058.228, reduziram para R$ 603.579.766.<\/p>\n\n\n\n<p>Com o pagamento de di\u00e1rias civis e militares a redu\u00e7\u00e3o foi de 50,8%, passando de R$ 6.842.723, em 2018, para R$ 3.366.127, em 2019. Com material de consumo diminuiu 38,5%, passando de R$ 76.491.366, em 2018, para R$ 47.005.929, neste ano.<\/p>\n\n\n\n<p>Os gastos com passagens tiveram queda de 53,6%, passando de R$ 25.418.452, no ano passado, para R$ 11.793.072, em 2019. Servi\u00e7os de Pessoa F\u00edsica reduziram 32,7%, passando de R$ 3.719.611 (2018) para R$ 2.502.147 (2019) e Servi\u00e7os de Pessoa Jur\u00eddica tiveram queda de 27%, de R$ 219.425.373, no ano passado, para R$ 160.247.164, neste ano.<\/p>\n\n\n\n<p>Tamb\u00e9m houve redu\u00e7\u00e3o de 28,7% com loca\u00e7\u00e3o de m\u00e3o de obra, passando de R$ 1.396.067 (2018) para R$ 994.853 (2019). Despesas de Exerc\u00edcio Anterior ca\u00edram 8,5%, de R$ 230.127.746, em 2018, para R$ 210.572.123, neste ano e, Demais Despesas tiveram pequeno aumento de 0,9%, passando de R$ 165.636.889 (2018) para R$ 167.098.352, em 2019.<\/p>\n\n\n\n<p><strong>Mais Redu\u00e7\u00f5es<\/strong><\/p>\n\n\n\n<p>O Governo do Tocantins tamb\u00e9m conseguiu redu\u00e7\u00e3o de gastos com combust\u00edveis, g\u00eaneros aliment\u00edcios, loca\u00e7\u00e3o de im\u00f3veis, loca\u00e7\u00e3o de ve\u00edculos, energia el\u00e9trica, \u00e1gua, telefonia fixa e m\u00f3vel nos seis primeiros meses de 2019, em compara\u00e7\u00e3o ao mesmo per\u00edodo de 2018.<\/p>\n\n\n\n<p>Gastos com combust\u00edveis ca\u00edram 48,9%, eram R$ 12.644.547, em 2018, e, passaram para R$ 6.459.886, em 2019. Com g\u00eaneros aliment\u00edcios, a redu\u00e7\u00e3o foi de 64%, indo de R$ 7.794.704, (2018) para R$ 2.806.107, (2019).<\/p>\n\n\n\n<p>J\u00e1 com loca\u00e7\u00e3o de im\u00f3veis, eram gastos nos seis primeiros meses de 2018 R$ 6.185.667, e neste ano foram R$ 3.130.407, uma redu\u00e7\u00e3o de 49,4%. Com loca\u00e7\u00e3o de ve\u00edculos, a queda foi de 74%, indo de R$ 8.522.834, (2018) para R$ 2.218.050, (2019).<\/p>\n\n\n\n<p>Gastos com telefonia fixa e m\u00f3vel tiveram redu\u00e7\u00e3o de 29,4%, de R$ 2.631.786, no ano passado para R$ 1.858.226, neste ano. A redu\u00e7\u00e3o com gastos de \u00e1gua foi de 2,5%, passando de R$ 4.543.911, (2018) para R$ 4.429.480, (2019). Com energia el\u00e9trica, o Governo economizou 3,5%, indo R$ 13.680.032, em 2018, para R$ 13.197.426, em 2019.<\/p>\n\n\n\n<p><strong>Reforma Administrativa e Saneamento das Contas P\u00fablicas<\/strong><\/p>\n\n\n\n<p>Desde que assumiu o Governo do Tocantins, o Governador do Estado, Mauro Carlesse, vem colocando em pr\u00e1tica medidas que visam ajustar as contas p\u00fablicas e promover o desenvolvimento. Para isso, em janeiro deste ano, logo ap\u00f3s tomar posse no Executivo Estadual, o gestor anunciou uma ampla reforma administrativa, reduzindo o n\u00famero de servidores e secretarias, al\u00e9m de um plano para conter despesas de custeio.<\/p>\n\n\n\n<p>A inten\u00e7\u00e3o do Governo com os ajustes \u00e9 deixar o Estado menos pesado para o cidad\u00e3o, evitando assim que seja necess\u00e1rio tomar medidas mais graves com o aumento ou cria\u00e7\u00e3o de novos impostos. As medidas tamb\u00e9m visam ajudar no equil\u00edbrio da m\u00e1quina p\u00fablica, j\u00e1 que o Brasil atravessa uma grande crise econ\u00f4mica que tem afetado o pa\u00eds tanto em \u00e2mbito nacional quanto local.<\/p>\n\n\n\n<p>\u201cQueremos desenvolver o Tocantins, transformar essa terra em um p\u00f3lo de industrializa\u00e7\u00e3o e de gera\u00e7\u00e3o de emprego e renda para nossa popula\u00e7\u00e3o. Por\u00e9m, s\u00f3 iremos conseguir alcan\u00e7ar nossas metas se tivermos foco, se tivermos um Estado que possa ser um bra\u00e7o de aux\u00edlio e n\u00e3o de empecilho para o cidad\u00e3o e tamb\u00e9m para os investidores\u201d, destacou o Governador Mauro Carlesse.<\/p>\n","protected":false},"excerpt":{"rendered":"<p>Dados da Secretaria de Estado da Fazenda e do Planejamento (Sefaz) mostram uma economia de R$ 125,4 milh\u00f5es com despesas de custeio da m\u00e1quina p\u00fablica nos seis primeiros meses de 2019 (janeiro a junho), em compara\u00e7\u00e3o ao mesmo per\u00edodo do ano passado. O que representa uma redu\u00e7\u00e3o de 17,2% desses gastos no Governo do Tocantins. [&hellip;]<\/p>\n","protected":false},"author":2,"featured_media":3722,"comment_status":"open","ping_status":"open","sticky":false,"template":"","format":"standard","meta":[],"categories":[3],"tags":[],"_links":{"self":[{"href":"https:\/\/dgospel.com.br\/portal\/index.php\/wp-json\/wp\/v2\/posts\/3721"}],"collection":[{"href":"https:\/\/dgospel.com.br\/portal\/index.php\/wp-json\/wp\/v2\/posts"}],"about":[{"href":"https:\/\/dgospel.com.br\/portal\/index.php\/wp-json\/wp\/v2\/types\/post"}],"author":[{"embeddable":true,"href":"https:\/\/dgospel.com.br\/portal\/index.php\/wp-json\/wp\/v2\/users\/2"}],"replies":[{"embeddable":true,"href":"https:\/\/dgospel.com.br\/portal\/index.php\/wp-json\/wp\/v2\/comments?post=3721"}],"version-history":[{"count":1,"href":"https:\/\/dgospel.com.br\/portal\/index.php\/wp-json\/wp\/v2\/posts\/3721\/revisions"}],"predecessor-version":[{"id":3723,"href":"https:\/\/dgospel.com.br\/portal\/index.php\/wp-json\/wp\/v2\/posts\/3721\/revisions\/3723"}],"wp:featuredmedia":[{"embeddable":true,"href":"https:\/\/dgospel.com.br\/portal\/index.php\/wp-json\/wp\/v2\/media\/3722"}],"wp:attachment":[{"href":"https:\/\/dgospel.com.br\/portal\/index.php\/wp-json\/wp\/v2\/media?parent=3721"}],"wp:term":[{"taxonomy":"category","embeddable":true,"href":"https:\/\/dgospel.com.br\/portal\/index.php\/wp-json\/wp\/v2\/categories?post=3721"},{"taxonomy":"post_tag","embeddable":true,"href":"https:\/\/dgospel.com.br\/portal\/index.php\/wp-json\/wp\/v2\/tags?post=3721"}],"curies":[{"name":"wp","href":"https:\/\/api.w.org\/{rel}","templated":true}]}}