{"id":3724,"date":"2019-08-02T11:48:03","date_gmt":"2019-08-02T14:48:03","guid":{"rendered":"http:\/\/dgospel.com.br\/portal\/?p=3724"},"modified":"2019-08-02T11:48:04","modified_gmt":"2019-08-02T14:48:04","slug":"governadores-de-sete-estados-da-regiao-da-amazonia-legal-chegam-ao-tocantins-para-assinatura-de-carta-de-consorcio","status":"publish","type":"post","link":"https:\/\/dgospel.com.br\/portal\/index.php\/2019\/08\/02\/governadores-de-sete-estados-da-regiao-da-amazonia-legal-chegam-ao-tocantins-para-assinatura-de-carta-de-consorcio\/","title":{"rendered":"Governadores de sete estados da regi\u00e3o da Amaz\u00f4nia Legal, chegam ao Tocantins para assinatura de Carta de Cons\u00f3rcio"},"content":{"rendered":"\n<p>Governadores de sete&nbsp;estados chegam \u00e0 capital &nbsp;na manh\u00e3 desta sexta-feira, 2, para assinatura do Contrato de Cons\u00f3rcio \u201cCarta de Palmas\u201d elaborada durante o 18\u00ba Forum da Amaz\u00f4nia Legal. A carta s\u00e3o a\u00e7\u00f5es comuns \u00e0s nove regi\u00f5es da Amaz\u00f4nia Legal, onde os governantes passam a atuar em bloco nas negocia\u00e7\u00f5es para capta\u00e7\u00e3o de recursos e financiamentos para as regi\u00f5es participantes junto a organismos financeiros nacionais e internacionais.<\/p>\n\n\n\n<p>Os governadores do estado do Par\u00e1, Helder Barbalho; Mato Grosso, Mauro Mendes; Amap\u00e1, Waldez Go\u00e9s; Amazonas, Wilson Miranda; Rond\u00f4nia, Marcos Rocha; Maranh\u00e3o, Fl\u00e1vio Dino e representantes do estado de Roraima e Acre, foram recebidos no Pal\u00e1cio Araguaia pelo governador do Tocantins, Mauro Carlesse para reuni\u00e3o e apresenta\u00e7\u00e3o da carta elaborada por seus secretariados.<\/p>\n\n\n\n<p>A carta foi elaborada durante discuss\u00f5es setorizadas dos secret\u00e1rios de cada estado com objetivo de diagnosticar a realidade especifica da regi\u00e3o da Amaz\u00f4nia legal, propondo a\u00e7\u00f5es articuladas que venham a atender as especificidades de todas as \u00e1reas reunidas.<\/p>\n\n\n\n<p>As a\u00e7\u00f5es que ser\u00e3o deliberadas pelos governadores tem por finalidade melhorar a gest\u00e3o de cada estado e fomentar o desenvolvimento econ\u00f4mico e sustent\u00e1vel.&nbsp;As vantagens e os benef\u00edcios deste Cons\u00f3rcio podem trazer para o Tocantins a oportunidade de aumentar a capta\u00e7\u00e3o e a prospec\u00e7\u00e3o de recursos e projetos, fazer compras compartilhadas, nos quais podem haver redu\u00e7\u00f5es de valores de medicamentos e insumos, levando em conta os dados brasileiros que mostram redu\u00e7\u00e3o de 30% do valor de medicamentos e insumos por meio da compra compartilhada.<\/p>\n\n\n\n<p><strong>Amaz\u00f4nia Legal<\/strong><\/p>\n\n\n\n<p>O governo brasileiro atribuiu o nome Amaz\u00f4nia legal \u00e0 \u00e1rea da Floresta Amaz\u00f4nica que abrange os estados do Acre, Amap\u00e1, Amazonas, Par\u00e1, Rond\u00f4nia, Roraima e parte dos estados do Tocantins. Mato Grosso e Maranh\u00e3o em uma \u00e1rea correspondente \u00e0 5.217.423 Km2, cerca de 61% do estado brasileiro.<\/p>\n","protected":false},"excerpt":{"rendered":"<p>Governadores de sete&nbsp;estados chegam \u00e0 capital &nbsp;na manh\u00e3 desta sexta-feira, 2, para assinatura do Contrato de Cons\u00f3rcio \u201cCarta de Palmas\u201d elaborada durante o 18\u00ba Forum da Amaz\u00f4nia Legal. A carta s\u00e3o a\u00e7\u00f5es comuns \u00e0s nove regi\u00f5es da Amaz\u00f4nia Legal, onde os governantes passam a atuar em bloco nas negocia\u00e7\u00f5es para capta\u00e7\u00e3o de recursos e financiamentos [&hellip;]<\/p>\n","protected":false},"author":2,"featured_media":3725,"comment_status":"open","ping_status":"open","sticky":false,"template":"","format":"standard","meta":[],"categories":[4],"tags":[],"_links":{"self":[{"href":"https:\/\/dgospel.com.br\/portal\/index.php\/wp-json\/wp\/v2\/posts\/3724"}],"collection":[{"href":"https:\/\/dgospel.com.br\/portal\/index.php\/wp-json\/wp\/v2\/posts"}],"about":[{"href":"https:\/\/dgospel.com.br\/portal\/index.php\/wp-json\/wp\/v2\/types\/post"}],"author":[{"embeddable":true,"href":"https:\/\/dgospel.com.br\/portal\/index.php\/wp-json\/wp\/v2\/users\/2"}],"replies":[{"embeddable":true,"href":"https:\/\/dgospel.com.br\/portal\/index.php\/wp-json\/wp\/v2\/comments?post=3724"}],"version-history":[{"count":1,"href":"https:\/\/dgospel.com.br\/portal\/index.php\/wp-json\/wp\/v2\/posts\/3724\/revisions"}],"predecessor-version":[{"id":3726,"href":"https:\/\/dgospel.com.br\/portal\/index.php\/wp-json\/wp\/v2\/posts\/3724\/revisions\/3726"}],"wp:featuredmedia":[{"embeddable":true,"href":"https:\/\/dgospel.com.br\/portal\/index.php\/wp-json\/wp\/v2\/media\/3725"}],"wp:attachment":[{"href":"https:\/\/dgospel.com.br\/portal\/index.php\/wp-json\/wp\/v2\/media?parent=3724"}],"wp:term":[{"taxonomy":"category","embeddable":true,"href":"https:\/\/dgospel.com.br\/portal\/index.php\/wp-json\/wp\/v2\/categories?post=3724"},{"taxonomy":"post_tag","embeddable":true,"href":"https:\/\/dgospel.com.br\/portal\/index.php\/wp-json\/wp\/v2\/tags?post=3724"}],"curies":[{"name":"wp","href":"https:\/\/api.w.org\/{rel}","templated":true}]}}